{"id":34160,"date":"2025-01-28T09:26:42","date_gmt":"2025-01-28T09:26:42","guid":{"rendered":"https:\/\/curell.com\/?p=34160"},"modified":"2025-01-28T13:13:20","modified_gmt":"2025-01-28T13:13:20","slug":"actualitzacio-de-la-directiva-i-el-reglament-de-la-ue-millora-de-la-proteccio-dels-dibuixos-i-models","status":"publish","type":"post","link":"https:\/\/curell.com\/ca\/actualitzacio-de-la-directiva-i-el-reglament-de-la-ue-millora-de-la-proteccio-dels-dibuixos-i-models\/","title":{"rendered":"Actualitzaci\u00f3 de la directiva i el reglament de la UE: millora de la protecci\u00f3 dels dibuixos i models"},"content":{"rendered":"<p>A finals del 2024, la Uni\u00f3 Europea va aprovar una Directiva refosa 2024\/2823 sobre la protecci\u00f3 jur\u00eddica dels dibuixos i models (1) i un Reglament revisat de la UE 2024\/2822 sobre la Uni\u00f3 Europea (2), modificant aix\u00ed l&#8217;anterior Reglament (CE) n\u00fam. 6\/2002 del Consell sobre els dibuixos i models comunitaris.<\/p>\n<p>El nou Reglament, que <strong>tindr\u00e0 efecte l&#8217;1 de maig de 2025<\/strong> (excepte algunes disposicions que no s&#8217;aplicaran fins l&#8217;1 de juliol de 2026), introdueix canvis significatius destinats a modernitzar i simplificar el sistema de protecci\u00f3 de dibuixos i models a tota la UE.<\/p>\n<div id=\"ez-toc-container\" class=\"ez-toc-v2_0_81 counter-hierarchy ez-toc-counter ez-toc-custom ez-toc-container-direction\">\n<div class=\"ez-toc-title-container\">\n<p class=\"ez-toc-title\" style=\"cursor:inherit\">Contenidos<\/p>\n<span class=\"ez-toc-title-toggle\"><a href=\"#\" class=\"ez-toc-pull-right ez-toc-btn ez-toc-btn-xs ez-toc-btn-default ez-toc-toggle\" aria-label=\"Toggle Table of Content\"><span class=\"ez-toc-js-icon-con\"><span class=\"\"><span class=\"eztoc-hide\" style=\"display:none;\">Toggle<\/span><span class=\"ez-toc-icon-toggle-span\"><svg style=\"fill: #051a3f;color:#051a3f\" xmlns=\"http:\/\/www.w3.org\/2000\/svg\" class=\"list-377408\" width=\"20px\" height=\"20px\" viewBox=\"0 0 24 24\" fill=\"none\"><path d=\"M6 6H4v2h2V6zm14 0H8v2h12V6zM4 11h2v2H4v-2zm16 0H8v2h12v-2zM4 16h2v2H4v-2zm16 0H8v2h12v-2z\" fill=\"currentColor\"><\/path><\/svg><svg style=\"fill: #051a3f;color:#051a3f\" class=\"arrow-unsorted-368013\" xmlns=\"http:\/\/www.w3.org\/2000\/svg\" width=\"10px\" height=\"10px\" viewBox=\"0 0 24 24\" version=\"1.2\" baseProfile=\"tiny\"><path d=\"M18.2 9.3l-6.2-6.3-6.2 6.3c-.2.2-.3.4-.3.7s.1.5.3.7c.2.2.4.3.7.3h11c.3 0 .5-.1.7-.3.2-.2.3-.5.3-.7s-.1-.5-.3-.7zM5.8 14.7l6.2 6.3 6.2-6.3c.2-.2.3-.5.3-.7s-.1-.5-.3-.7c-.2-.2-.4-.3-.7-.3h-11c-.3 0-.5.1-.7.3-.2.2-.3.5-.3.7s.1.5.3.7z\"\/><\/svg><\/span><\/span><\/span><\/a><\/span><\/div>\n<nav><ul class='ez-toc-list ez-toc-list-level-1 eztoc-toggle-hide-by-default' ><li class='ez-toc-page-1 ez-toc-heading-level-3'><a class=\"ez-toc-link ez-toc-heading-1\" href=\"https:\/\/curell.com\/ca\/actualitzacio-de-la-directiva-i-el-reglament-de-la-ue-millora-de-la-proteccio-dels-dibuixos-i-models\/#Modernitzacio_de_la_proteccio_de_dibuixos_i_models\" >Modernitzaci\u00f3 de la protecci\u00f3 de dibuixos i models<\/a><\/li><li class='ez-toc-page-1 ez-toc-heading-level-3'><a class=\"ez-toc-link ez-toc-heading-2\" href=\"https:\/\/curell.com\/ca\/actualitzacio-de-la-directiva-i-el-reglament-de-la-ue-millora-de-la-proteccio-dels-dibuixos-i-models\/#Definicio_mes_amplia_dels_productes\" >Definici\u00f3 m\u00e9s \u00e0mplia dels productes<\/a><\/li><li class='ez-toc-page-1 ez-toc-heading-level-3'><a class=\"ez-toc-link ez-toc-heading-3\" href=\"https:\/\/curell.com\/ca\/actualitzacio-de-la-directiva-i-el-reglament-de-la-ue-millora-de-la-proteccio-dels-dibuixos-i-models\/#Major_seguretat_juridica_Actualitzacio_de_lobjecte_de_proteccio_i_de_les_causes_de_nullitat\" >Major seguretat jur\u00eddica: Actualitzaci\u00f3 de l&#8217;objecte de protecci\u00f3 i de les causes de nul\u00b7litat<\/a><\/li><li class='ez-toc-page-1 ez-toc-heading-level-3'><a class=\"ez-toc-link ez-toc-heading-4\" href=\"https:\/\/curell.com\/ca\/actualitzacio-de-la-directiva-i-el-reglament-de-la-ue-millora-de-la-proteccio-dels-dibuixos-i-models\/#Adaptacio_a_les_noves_tecnologies\" >Adaptaci\u00f3 a les noves tecnologies<\/a><\/li><li class='ez-toc-page-1 ez-toc-heading-level-3'><a class=\"ez-toc-link ez-toc-heading-5\" href=\"https:\/\/curell.com\/ca\/actualitzacio-de-la-directiva-i-el-reglament-de-la-ue-millora-de-la-proteccio-dels-dibuixos-i-models\/#Clausula_de_reparacio_una_important_addicio_per_a_equilibrar_el_mercat\" >Cl\u00e0usula de reparaci\u00f3: una important addici\u00f3 per a equilibrar el mercat.<\/a><\/li><li class='ez-toc-page-1 ez-toc-heading-level-3'><a class=\"ez-toc-link ez-toc-heading-6\" href=\"https:\/\/curell.com\/ca\/actualitzacio-de-la-directiva-i-el-reglament-de-la-ue-millora-de-la-proteccio-dels-dibuixos-i-models\/#%E2%92%B9_%E2%80%93_Un_simbol_per_a_donar_a_coneixer_millor_els_dibuixos_i_models_registrats\" >\u24b9 &#8211; Un s\u00edmbol per a donar a con\u00e8ixer millor els dibuixos i models registrats<\/a><\/li><li class='ez-toc-page-1 ez-toc-heading-level-3'><a class=\"ez-toc-link ez-toc-heading-7\" href=\"https:\/\/curell.com\/ca\/actualitzacio-de-la-directiva-i-el-reglament-de-la-ue-millora-de-la-proteccio-dels-dibuixos-i-models\/#La_fi_d%C2%ABuna_classe_per_a_governar-los_a_tots%C2%BB\" >La fi d&#8217;\u00abuna classe per a governar-los a tots\u00bb<\/a><\/li><li class='ez-toc-page-1 ez-toc-heading-level-3'><a class=\"ez-toc-link ez-toc-heading-8\" href=\"https:\/\/curell.com\/ca\/actualitzacio-de-la-directiva-i-el-reglament-de-la-ue-millora-de-la-proteccio-dels-dibuixos-i-models\/#Procediments_simplificats\" >Procediments simplificats<\/a><\/li><li class='ez-toc-page-1 ez-toc-heading-level-3'><a class=\"ez-toc-link ez-toc-heading-9\" href=\"https:\/\/curell.com\/ca\/actualitzacio-de-la-directiva-i-el-reglament-de-la-ue-millora-de-la-proteccio-dels-dibuixos-i-models\/#Tarifes_mes_senzilles_i_una_certa_reduccio_de_costos\" >Tarifes m\u00e9s senzilles i (una certa) reducci\u00f3 de costos<\/a><\/li><li class='ez-toc-page-1 ez-toc-heading-level-3'><a class=\"ez-toc-link ez-toc-heading-10\" href=\"https:\/\/curell.com\/ca\/actualitzacio-de-la-directiva-i-el-reglament-de-la-ue-millora-de-la-proteccio-dels-dibuixos-i-models\/#Perspectives_de_futur\" >Perspectives de futur<\/a><\/li><\/ul><\/nav><\/div>\n<h3><span class=\"ez-toc-section\" id=\"Modernitzacio_de_la_proteccio_de_dibuixos_i_models\"><\/span>Modernitzaci\u00f3 de la protecci\u00f3 de dibuixos i models<span class=\"ez-toc-section-end\"><\/span><\/h3>\n<p>El Reglament actualitza la terminologia de la protecci\u00f3 de dibuixos i models a Europa, substituint el \u00abdibuix o model comunitari\u00bb pel \u00abdibuix o model de la Uni\u00f3 Europea\u00bb. L&#8217;objectiu d&#8217;aquest canvi ha estat reflectir la naturalesa evolutiva de la UE i garantir la coher\u00e8ncia en tots els documents jur\u00eddics.<\/p>\n<h3><span class=\"ez-toc-section\" id=\"Definicio_mes_amplia_dels_productes\"><\/span>Definici\u00f3 m\u00e9s \u00e0mplia dels productes<span class=\"ez-toc-section-end\"><\/span><\/h3>\n<p>Un dels canvis m\u00e9s notables \u00e9s l&#8217;ampliaci\u00f3 de la definici\u00f3 de producte. El Reglament inclou ara els dibuixos i models no incorporats en productes f\u00edsics, com les obres gr\u00e0fiques i les animacions. Les definicions de l&#8217;article 3 s&#8217;han modificat de la manera seg\u00fcent:<\/p>\n<ol>\n<li>\u00abdibuix o model\u00bb: l&#8217;aparen\u00e7a de la totalitat o d&#8217;una part d&#8217;un producte que es derivi de les caracter\u00edstiques, en particular les l\u00ednies, contorns, colors, forma, textura i\/o materials, del producte en si i\/o de la seva decoraci\u00f3, incl\u00f2s el moviment, transici\u00f3 o qualsevol altre tipus d&#8217;animaci\u00f3 d&#8217;aquestes caracter\u00edstiques;<\/li>\n<li>\u00abproducte\u00bb: qualsevol article industrial o artesanal, distint d&#8217;un programa inform\u00e0tic, amb independ\u00e8ncia que estigui incorporat en un objecte f\u00edsic o es materialitzi en una forma no f\u00edsica, inclosos:\n<ul>\n<li>a) embalatges, conjunts d&#8217;articles, disposicions espacials d&#8217;articles destinats a formar un entorn interior o exterior, i peces destinades a ser acoblades en un producte complex;<\/li>\n<li>b) obres gr\u00e0fiques o s\u00edmbols, logotips, motius de superf\u00edcie, car\u00e0cters tipogr\u00e0fics i interf\u00edcies gr\u00e0fiques d&#8217;usuari;<\/li>\n<\/ul>\n<\/li>\n<\/ol>\n<p>Amb aquests canvis, el Reglament pret\u00e9n deixar clar que els productes del \u00abm\u00f3n digital\u00bb tamb\u00e9 poden beneficiar-se de la protecci\u00f3 d&#8217;un dibuix o model de la UE.<\/p>\n<h3><span class=\"ez-toc-section\" id=\"Major_seguretat_juridica_Actualitzacio_de_lobjecte_de_proteccio_i_de_les_causes_de_nullitat\"><\/span>Major seguretat jur\u00eddica: Actualitzaci\u00f3 de l&#8217;objecte de protecci\u00f3 i de les causes de nul\u00b7litat<span class=\"ez-toc-section-end\"><\/span><\/h3>\n<p>El Reglament aclareix ara que \u00abes conferir\u00e0 protecci\u00f3 a aquelles caracter\u00edstiques de l&#8217;aparen\u00e7a d&#8217;un dibuix o model de la UE registrat que figurin de manera visible en la sol\u00b7licitud de registre\u00bb (nou article 18 bis). El Reglament aclareix ara que \u00aba m\u00e9s de mostrar-se de manera visible en la sol\u00b7licitud de registre d&#8217;un dibuix o model de la UE, no \u00e9s necessari que les caracter\u00edstiques del dibuix o model d&#8217;un producte siguin visibles en un moment determinat o en una situaci\u00f3 d&#8217;\u00fas concreta per a poder beneficiar-se de la protecci\u00f3 del dibuix o model\u00bb.<\/p>\n<p>Aquesta millora pret\u00e9n (esperem) proporcionar una major seguretat jur\u00eddica als dissenyadors en deixar clar que no existeix cap requisit de visibilitat, una q\u00fcesti\u00f3 que havia estat controvertida i objecte de debat fins ara.<\/p>\n<p>El reglament preveu que s&#8217;apliqui una excepci\u00f3 a aquest principi \u00aba la protecci\u00f3 de dibuixos i models de components d&#8217;un producte complex que hagin de romandre visibles durant l&#8217;\u00fas normal d&#8217;aquest producte\u00bb.<\/p>\n<p>El reglament tamb\u00e9 ha actualitzat les causes per a sol\u00b7licitar la nul\u00b7litat d&#8217;un dibuix o model de la UE (article 25 modificat), especificant quins dibuixos o models anteriors prevalen quan sorgeix un conflicte. En concret, el Reglament es refereix ara als dibuixos i models anteriors posats a la disposici\u00f3 del p\u00fablic mitjan\u00e7ant dibuixos i models de la UE anteriors, dibuixos i models nacionals i dibuixos i models internacionals amb efectes a la UE, o mitjan\u00e7ant la sol\u00b7licitud de tals dibuixos i models.<\/p>\n<h3><span class=\"ez-toc-section\" id=\"Adaptacio_a_les_noves_tecnologies\"><\/span>Adaptaci\u00f3 a les noves tecnologies<span class=\"ez-toc-section-end\"><\/span><\/h3>\n<p>En la mateixa direcci\u00f3 i abordant els reptes que plantegen les tecnologies emergents, el Reglament inclou ara disposicions (article 19 modificat) per a protegir els dibuixos i models contra la c\u00f2pia il\u00b7leg\u00edtima a trav\u00e9s de noves tecnologies com la impressi\u00f3 en 3D i la intel\u00b7lig\u00e8ncia artificial i contra la seva distribuci\u00f3 a trav\u00e9s de canals digitals.<\/p>\n<p>L&#8217;article 19 modificat prohibeix ara:<\/p>\n<p>crear, descarregar, copiar i compartir o distribuir a tercers qualsevol suport o programa inform\u00e0tic que registri el dibuix o model amb la finalitat de permetre la fabricaci\u00f3 d&#8217;un producte dels esmentats en la lletra a) [\u00e9s a dir, un producte en el qual s&#8217;incorpori o al qual s&#8217;apliqui el dibuix o model].<\/p>\n<p>El Reglament considera ara clarament aquestes pr\u00e0ctiques com a \u00ab\u00fas del dibuix o model que ha d&#8217;estar subjecte a l&#8217;autoritzaci\u00f3 del titular del dret\u00bb. Aquesta adaptaci\u00f3 garanteix que el sistema de protecci\u00f3 de dibuixos i models continu\u00ef sent s\u00f2lid i efica\u00e7 enfront dels avan\u00e7os tecnol\u00f2gics m\u00e9s recents relacionats amb la fabricaci\u00f3 i distribuci\u00f3 de productes.<\/p>\n<h3><span class=\"ez-toc-section\" id=\"Clausula_de_reparacio_una_important_addicio_per_a_equilibrar_el_mercat\"><\/span>Cl\u00e0usula de reparaci\u00f3: una important addici\u00f3 per a equilibrar el mercat.<span class=\"ez-toc-section-end\"><\/span><\/h3>\n<p>S&#8217;ha incl\u00f2s un nou article en el Reglament que limita espec\u00edficament l&#8217;abast de la protecci\u00f3 d&#8217;un dibuix o model de la UE per a \u00abun component d&#8217;un producte complex de l&#8217;aparen\u00e7a del qual depengui el dibuix o model del component, [&#8230;] amb l&#8217;\u00fanica fi de reparar aquest producte complex per a retornar-li la seva aparen\u00e7a original\u00bb.<\/p>\n<p>El Reglament pret\u00e9n harmonitzar les legislacions dels Estats membres pel que fa a la utilitzaci\u00f3 de dibuixos i models protegits amb la finalitat de permetre la reparaci\u00f3 d&#8217;un producte complex, convertint aquesta cl\u00e0usula en una cl\u00e0usula permanent que tots els Estats membres de la UE hauran d&#8217;adoptar (fins ara nom\u00e9s alguns pa\u00efsos, com Espanya, la tenien en la seva legislaci\u00f3 nacional).<\/p>\n<p>En un esfor\u00e7 per equilibrar els drets dels fabricants i els consumidors, <span style=\"text-decoration: underline;\">el reglament inclou ara tamb\u00e9 l&#8217;obligaci\u00f3 de \u00abinformar degudament els consumidors, mitjan\u00e7ant una indicaci\u00f3 clara i visible en el producte o d&#8217;una altra forma adequada, sobre l&#8217;origen comercial i la identitat del fabricant del producte que vagi a utilitzar-se per a la reparaci\u00f3 del producte complex, de manera que puguin triar amb coneixement de causa entre els productes competidors que puguin utilitzar-se per a la reparaci\u00f3<\/span>\u00bb. El fabricant o el venedor d&#8217;un component d&#8217;un producte complex que no l&#8217;hagi fet no podr\u00e0 beneficiar-se de l&#8217;exempci\u00f3 de reparaci\u00f3.<\/p>\n<h3><span class=\"ez-toc-section\" id=\"%E2%92%B9_%E2%80%93_Un_simbol_per_a_donar_a_coneixer_millor_els_dibuixos_i_models_registrats\"><\/span>\u24b9 &#8211; Un s\u00edmbol per a donar a con\u00e8ixer millor els dibuixos i models registrats<span class=\"ez-toc-section-end\"><\/span><\/h3>\n<p>El Reglament estableix ara una disposici\u00f3 espec\u00edfica (article 26 bis) perqu\u00e8 els titulars de dibuixos i models de la UE puguin indicar que els seus dibuixos i models estan registrats utilitzant el s\u00edmbol \u24b9, com a s\u00edmbol an\u00e0leg al ben conegut \u00ae per a les marques registrades.<\/p>\n<h3><span class=\"ez-toc-section\" id=\"La_fi_d%C2%ABuna_classe_per_a_governar-los_a_tots%C2%BB\"><\/span>La fi d&#8217;\u00abuna classe per a governar-los a tots\u00bb<span class=\"ez-toc-section-end\"><\/span><\/h3>\n<p>Abans d&#8217;aquest nou Reglament, si b\u00e9 era possible presentar una sol\u00b7licitud de registre de dibuixos i models m\u00faltiple, aix\u00f2 nom\u00e9s era possible per als dibuixos i models inclosos en la mateixa classe de la Classificaci\u00f3 Internacional de Dibuixos i Models Industrials (\u00abClassificaci\u00f3 de Locarno\u00bb) establerta per l&#8217;Arranjament de Locarno (1968), que normalitza com es classifiquen els productes subjectes a la protecci\u00f3 de dibuixos i models.<\/p>\n<p>El nou Reglament permet ara als sol\u00b7licitants combinar diversos dibuixos o models en una sol\u00b7licitud m\u00faltiple (article 37 modificat) sense que els dibuixos o models hagin de pert\u00e0nyer a la mateixa classe de la Classificaci\u00f3 de Locarno. No obstant aix\u00f2, el nombre de dibuixos i models continguts en una sol\u00b7licitud m\u00faltiple s&#8217;ha redu\u00eft a un m\u00e0xim de 50. Es tracta d&#8217;una gran not\u00edcia a causa dels costos substancialment m\u00e9s baixos de la sol\u00b7licitud m\u00faltiple de dibuixos i models.<\/p>\n<h3><span class=\"ez-toc-section\" id=\"Procediments_simplificats\"><\/span>Procediments simplificats<span class=\"ez-toc-section-end\"><\/span><\/h3>\n<p>El nou Reglament introdueix procediments simplificats per al registre de dibuixos i models, facilitant als dissenyadors la navegaci\u00f3 pel sistema. Per a aix\u00f2 s&#8217;han modificat diversos articles. S&#8217;espera que aquesta simplificaci\u00f3 redueixi la c\u00e0rrega administrativa de les PIME i dels dissenyadors individuals, permetent-los centrar-se m\u00e9s en el seu treball creatiu.<\/p>\n<h3><span class=\"ez-toc-section\" id=\"Tarifes_mes_senzilles_i_una_certa_reduccio_de_costos\"><\/span>Tarifes m\u00e9s senzilles i (una certa) reducci\u00f3 de costos<span class=\"ez-toc-section-end\"><\/span><\/h3>\n<p>A m\u00e9s de simplificar els procediments, el Reglament tamb\u00e9 pret\u00e9n simplificar el barem de taxes i reduir els costos associats al registre de dibuixos i models. La ra\u00f3 \u00e9s que la reducci\u00f3 dels costos far\u00e0 que la protecci\u00f3 dels dibuixos i models sigui m\u00e9s accessible a un major nombre de dissenyadors, en particular a aquells amb recursos financers limitats.<\/p>\n<p>Per exemple, el barem de taxes ja est\u00e0 fixat i incl\u00f2s en el reglament (annex I).<\/p>\n<p>Aix\u00ed mateix, les antigues \u00abtaxa de sol\u00b7licitud\u00bb i \u00abtaxa de publicaci\u00f3\u00bb s&#8217;han fusionat en una nova taxa \u00fanica (una \u00fanica taxa de sol\u00b7licitud per a un dibuix o model \u00fanic, i una \u00fanica taxa de sol\u00b7licitud addicional respecte a cada dibuix o model addicional en el cas de sol\u00b7licituds de dibuixos i models m\u00faltiples).<\/p>\n<p>Quant als costos, mentre que per a un dibuix o model \u00fanic es mantenen els costos (350 EUR), el cost per a un m\u00e0xim de 10 dibuixos o models utilitzant una sol\u00b7licitud m\u00faltiple \u00e9s inferior amb el nou reglament, ja que la nova taxa de sol\u00b7licitud addicional respecte a cada dibuix o model addicional incl\u00f2s en una sol\u00b7licitud m\u00faltiple (125 EUR) \u00e9s inferior a les anteriors taxes addicionals de sol\u00b7licitud i publicaci\u00f3 combinades (115 EUR + 60 EUR). Per a 10 dibuixos o models, aix\u00f2 correspon a una reducci\u00f3 molt notable de gaireb\u00e9 el 25% de les taxes.<\/p>\n<p>Per a m\u00e9s de 10 dibuixos o models, aquest canvi suposa un augment substancial de les taxes, ja que les anteriors taxes de sol\u00b7licitud i publicaci\u00f3 (50 EUR + 30 EUR), que eren molt baixes, ja no s&#8217;aplicaran.<br \/>\nNo obstant aix\u00f2, amb el nou sistema, aquest augment de costos nom\u00e9s ser\u00e0 perceptible per a sol\u00b7licituds m\u00faltiples de m\u00e9s de 20 dibuixos o models.<\/p>\n<p>Com a punt negatiu per als titulars, el nou Reglament inclou un augment substancial dels costos de renovaci\u00f3 dels dibuixos i models registrats. Les taxes de renovaci\u00f3 s&#8217;han incrementat, sent m\u00e9s del doble de mitjana per als anys 5 a 20 despr\u00e9s del registre i gaireb\u00e9 el qu\u00e0druple per a l&#8217;\u00faltim per\u00edode que compr\u00e8n els anys 21 a 25 despr\u00e9s del registre.<\/p>\n<p>No obstant, un efecte positiu d&#8217;aquest augment de costos \u00e9s que aix\u00f2 limitar\u00e0 el manteniment de dissenys que no s&#8217;exploten comercialment, amb el nou reglament els propietaris hauran de revisar peri\u00f2dicament la seva cartera per a assegurar-se que nom\u00e9s es mantenen els dissenys registrats significatius que aporten valor al seu negoci, a fi d&#8217;evitar costos innecessaris.<\/p>\n<h3><span class=\"ez-toc-section\" id=\"Perspectives_de_futur\"><\/span>Perspectives de futur<span class=\"ez-toc-section-end\"><\/span><\/h3>\n<p>En general, la introducci\u00f3 del Reglament (UE) 2024\/2822 suposa un important pas endavant en els esfor\u00e7os de la UE per modernitzar i millorar el seu sistema de protecci\u00f3 de dibuixos i models.<br \/>\nEn abordar les necessitats dels dissenyadors contemporanis i adaptar-se a les noves tecnologies, el Reglament pret\u00e9n crear un marc m\u00e9s s\u00f2lid i efica\u00e7 per a protegir els dibuixos i models en els pr\u00f2xims anys.<\/p>\n<p>At\u00e8s que el Reglament ser\u00e0 efectiu l&#8217;1 de maig de 2025, els dissenyadors i les empreses de tota la UE hauran de familiaritzar-se amb les noves disposicions i aprofitar les oportunitats que ofereixen.<\/p>\n<p><strong>A CURELL SU\u00d1OL estem desitjant ajudar-vos a fer-ho<\/strong>, ja que creiem fermament que la protecci\u00f3 de dissenys \u00e9s una eina molt poderosa (i sovint desconeguda) per a augmentar el valor dels vostres dissenys i productes.<\/p>\n<p>El nostre equip estar\u00e0 encantat d&#8217;ajudar-vos i rec\u00f3rrer amb vosaltres els passos necessaris per a garantir que la seva creativitat est\u00e0 protegida pel nou sistema.<\/p>\n<ul>\n<li>(1) Reglament (UE) 2024\/2822 del Parlament Europeu i del Consell de 23 d&#8217;octubre de 2024 pel qual es modifica el Reglament (CE) n\u00fam. 6\/2002 del Consell sobre els dibuixos i models comunitaris i pel qual es deroga el Reglament (CE) n\u00fam. 2246\/2002 de la Comissi\u00f3 (<a href=\"https:\/\/data.consilium.europa.eu\/doc\/document\/pe-96-2023-rev-1\/en\/pdf\">https:\/\/data.consilium.europa.eu\/doc\/document\/pe-96-2023-rev-1\/en\/pdf<\/a>)<\/li>\n<li>(2) DIRECTIVA (UE) 2024\/2823 DEL PARLAMENT EUROPEU I DEL CONSELL de 23 d&#8217;octubre de 2024 sobre la protecci\u00f3 jur\u00eddica dels dibuixos i models (<a href=\"https:\/\/eur-lex.europa.eu\/legal-content\/en\/txt\/html\/?uri=oj:L_202402823\">https:\/\/eur-lex.europa.eu\/legal-content\/en\/txt\/html\/?uri=oj:L_202402823<\/a>)<\/li>\n<\/ul>\n<p><strong>Autor<\/strong>: <a href=\"https:\/\/curell.com\/ca\/equipo\/ricard-valdes-bango-curell\/\">Ricard Vald\u00e9s-Bango Curell<\/a><\/p>\n<p>Foto de Markus Spiske a <a href=\"https:\/\/unsplash.com\/\">Unsplash<\/a><\/p>\n","protected":false},"excerpt":{"rendered":"<p>A finals del 2024, la Uni\u00f3 Europea va aprovar una Directiva refosa 2024\/2823 sobre la protecci\u00f3 jur\u00eddica dels dibuixos i models (1) i un Reglament revisat de la UE 2024\/2822 sobre la Uni\u00f3 Europea (2), modificant aix\u00ed l&#8217;anterior Reglament (CE) n\u00fam. 6\/2002 del Consell sobre&#8230;<\/p>\n","protected":false},"author":3,"featured_media":34149,"comment_status":"closed","ping_status":"open","sticky":false,"template":"","format":"standard","meta":{"footnotes":""},"categories":[57,58,62,134,132],"tags":[],"class_list":["post-34160","post","type-post","status-publish","format-standard","has-post-thumbnail","hentry","category-actualitat","category-articles-ca","category-destacades-actualitat","category-dissenys-industrials","category-patents-i-models-dutilitat"],"yoast_head":"<!-- This site is optimized with the Yoast SEO plugin v27.1.1 - https:\/\/yoast.com\/product\/yoast-seo-wordpress\/ -->\n<title>Actualitzaci\u00f3 de la directiva i el reglament de la UE: millora de la protecci\u00f3 dels dibuixos i models | Curell Su\u00f1ol<\/title>\n<meta name=\"robots\" content=\"index, follow, max-snippet:-1, max-image-preview:large, max-video-preview:-1\" \/>\n<link rel=\"canonical\" href=\"https:\/\/curell.com\/ca\/actualitzacio-de-la-directiva-i-el-reglament-de-la-ue-millora-de-la-proteccio-dels-dibuixos-i-models\/\" \/>\n<meta property=\"og:locale\" content=\"ca_ES\" \/>\n<meta property=\"og:type\" content=\"article\" \/>\n<meta property=\"og:title\" content=\"Actualitzaci\u00f3 de la directiva i el reglament de la UE: millora de la protecci\u00f3 dels dibuixos i models | Curell Su\u00f1ol\" \/>\n<meta property=\"og:description\" content=\"A finals del 2024, la Uni\u00f3 Europea va aprovar una Directiva refosa 2024\/2823 sobre la protecci\u00f3 jur\u00eddica dels dibuixos i models (1) i un Reglament revisat de la UE 2024\/2822 sobre la Uni\u00f3 Europea (2), modificant aix\u00ed l&#8217;anterior Reglament (CE) n\u00fam. 6\/2002 del Consell sobre...\" \/>\n<meta property=\"og:url\" content=\"https:\/\/curell.com\/ca\/actualitzacio-de-la-directiva-i-el-reglament-de-la-ue-millora-de-la-proteccio-dels-dibuixos-i-models\/\" \/>\n<meta property=\"og:site_name\" content=\"Curell Su\u00f1ol\" \/>\n<meta property=\"article:published_time\" content=\"2025-01-28T09:26:42+00:00\" \/>\n<meta property=\"article:modified_time\" content=\"2025-01-28T13:13:20+00:00\" \/>\n<meta property=\"og:image\" content=\"https:\/\/curell.com\/wp-content\/uploads\/2025\/01\/nuevo-reglamento-eu-disenos-registrados.png\" \/>\n\t<meta property=\"og:image:width\" content=\"1200\" \/>\n\t<meta property=\"og:image:height\" content=\"628\" \/>\n\t<meta property=\"og:image:type\" content=\"image\/png\" \/>\n<meta name=\"author\" content=\"clarapirezcurell@gmail.com\" \/>\n<meta name=\"twitter:card\" content=\"summary_large_image\" \/>\n<meta name=\"twitter:label1\" content=\"Escrit per\" \/>\n\t<meta name=\"twitter:data1\" content=\"clarapirezcurell@gmail.com\" \/>\n\t<meta name=\"twitter:label2\" content=\"Temps estimat de lectura\" \/>\n\t<meta name=\"twitter:data2\" content=\"9 minuts\" \/>\n<script type=\"application\/ld+json\" class=\"yoast-schema-graph\">{\"@context\":\"https:\/\/schema.org\",\"@graph\":[{\"@type\":\"Article\",\"@id\":\"https:\/\/curell.com\/ca\/actualitzacio-de-la-directiva-i-el-reglament-de-la-ue-millora-de-la-proteccio-dels-dibuixos-i-models\/#article\",\"isPartOf\":{\"@id\":\"https:\/\/curell.com\/ca\/actualitzacio-de-la-directiva-i-el-reglament-de-la-ue-millora-de-la-proteccio-dels-dibuixos-i-models\/\"},\"author\":{\"name\":\"clarapirezcurell@gmail.com\",\"@id\":\"https:\/\/curell.com\/#\/schema\/person\/1c94ad2a17e2ed17aa5e510ba304ff87\"},\"headline\":\"Actualitzaci\u00f3 de la directiva i el reglament de la UE: millora de la protecci\u00f3 dels dibuixos i models\",\"datePublished\":\"2025-01-28T09:26:42+00:00\",\"dateModified\":\"2025-01-28T13:13:20+00:00\",\"mainEntityOfPage\":{\"@id\":\"https:\/\/curell.com\/ca\/actualitzacio-de-la-directiva-i-el-reglament-de-la-ue-millora-de-la-proteccio-dels-dibuixos-i-models\/\"},\"wordCount\":2052,\"publisher\":{\"@id\":\"https:\/\/curell.com\/#organization\"},\"image\":{\"@id\":\"https:\/\/curell.com\/ca\/actualitzacio-de-la-directiva-i-el-reglament-de-la-ue-millora-de-la-proteccio-dels-dibuixos-i-models\/#primaryimage\"},\"thumbnailUrl\":\"https:\/\/curell.com\/wp-content\/uploads\/2025\/01\/nuevo-reglamento-eu-disenos-registrados.png\",\"articleSection\":[\"Actualitat\",\"Articles\",\"Destacades Actualitat\",\"Dissenys industrials\",\"Patents i models d'utilitat\"],\"inLanguage\":\"ca\"},{\"@type\":\"WebPage\",\"@id\":\"https:\/\/curell.com\/ca\/actualitzacio-de-la-directiva-i-el-reglament-de-la-ue-millora-de-la-proteccio-dels-dibuixos-i-models\/\",\"url\":\"https:\/\/curell.com\/ca\/actualitzacio-de-la-directiva-i-el-reglament-de-la-ue-millora-de-la-proteccio-dels-dibuixos-i-models\/\",\"name\":\"Actualitzaci\u00f3 de la directiva i el reglament de la UE: millora de la protecci\u00f3 dels dibuixos i models | Curell Su\u00f1ol\",\"isPartOf\":{\"@id\":\"https:\/\/curell.com\/#website\"},\"primaryImageOfPage\":{\"@id\":\"https:\/\/curell.com\/ca\/actualitzacio-de-la-directiva-i-el-reglament-de-la-ue-millora-de-la-proteccio-dels-dibuixos-i-models\/#primaryimage\"},\"image\":{\"@id\":\"https:\/\/curell.com\/ca\/actualitzacio-de-la-directiva-i-el-reglament-de-la-ue-millora-de-la-proteccio-dels-dibuixos-i-models\/#primaryimage\"},\"thumbnailUrl\":\"https:\/\/curell.com\/wp-content\/uploads\/2025\/01\/nuevo-reglamento-eu-disenos-registrados.png\",\"datePublished\":\"2025-01-28T09:26:42+00:00\",\"dateModified\":\"2025-01-28T13:13:20+00:00\",\"breadcrumb\":{\"@id\":\"https:\/\/curell.com\/ca\/actualitzacio-de-la-directiva-i-el-reglament-de-la-ue-millora-de-la-proteccio-dels-dibuixos-i-models\/#breadcrumb\"},\"inLanguage\":\"ca\",\"potentialAction\":[{\"@type\":\"ReadAction\",\"target\":[\"https:\/\/curell.com\/ca\/actualitzacio-de-la-directiva-i-el-reglament-de-la-ue-millora-de-la-proteccio-dels-dibuixos-i-models\/\"]}]},{\"@type\":\"ImageObject\",\"inLanguage\":\"ca\",\"@id\":\"https:\/\/curell.com\/ca\/actualitzacio-de-la-directiva-i-el-reglament-de-la-ue-millora-de-la-proteccio-dels-dibuixos-i-models\/#primaryimage\",\"url\":\"https:\/\/curell.com\/wp-content\/uploads\/2025\/01\/nuevo-reglamento-eu-disenos-registrados.png\",\"contentUrl\":\"https:\/\/curell.com\/wp-content\/uploads\/2025\/01\/nuevo-reglamento-eu-disenos-registrados.png\",\"width\":1200,\"height\":628},{\"@type\":\"BreadcrumbList\",\"@id\":\"https:\/\/curell.com\/ca\/actualitzacio-de-la-directiva-i-el-reglament-de-la-ue-millora-de-la-proteccio-dels-dibuixos-i-models\/#breadcrumb\",\"itemListElement\":[{\"@type\":\"ListItem\",\"position\":1,\"name\":\"Portada\",\"item\":\"https:\/\/curell.com\/ca\/\"},{\"@type\":\"ListItem\",\"position\":2,\"name\":\"Actualitzaci\u00f3 de la directiva i el reglament de la UE: millora de la protecci\u00f3 dels dibuixos i models\"}]},{\"@type\":\"WebSite\",\"@id\":\"https:\/\/curell.com\/#website\",\"url\":\"https:\/\/curell.com\/\",\"name\":\"Curell Su\u00f1ol\",\"description\":\"Patentes, Marcas y Dise\u00f1os desde 1946\",\"publisher\":{\"@id\":\"https:\/\/curell.com\/#organization\"},\"potentialAction\":[{\"@type\":\"SearchAction\",\"target\":{\"@type\":\"EntryPoint\",\"urlTemplate\":\"https:\/\/curell.com\/?s={search_term_string}\"},\"query-input\":{\"@type\":\"PropertyValueSpecification\",\"valueRequired\":true,\"valueName\":\"search_term_string\"}}],\"inLanguage\":\"ca\"},{\"@type\":\"Organization\",\"@id\":\"https:\/\/curell.com\/#organization\",\"name\":\"Curell Su\u00f1ol\",\"url\":\"https:\/\/curell.com\/\",\"logo\":{\"@type\":\"ImageObject\",\"inLanguage\":\"ca\",\"@id\":\"https:\/\/curell.com\/#\/schema\/logo\/image\/\",\"url\":\"https:\/\/curell.com\/wp-content\/uploads\/2022\/10\/curell-3.png\",\"contentUrl\":\"https:\/\/curell.com\/wp-content\/uploads\/2022\/10\/curell-3.png\",\"width\":300,\"height\":70,\"caption\":\"Curell Su\u00f1ol\"},\"image\":{\"@id\":\"https:\/\/curell.com\/#\/schema\/logo\/image\/\"},\"sameAs\":[\"https:\/\/es.linkedin.com\/company\/curell-su-ol\",\"https:\/\/www.instagram.com\/curell.sunol\/\"]},{\"@type\":\"Person\",\"@id\":\"https:\/\/curell.com\/#\/schema\/person\/1c94ad2a17e2ed17aa5e510ba304ff87\",\"name\":\"clarapirezcurell@gmail.com\",\"image\":{\"@type\":\"ImageObject\",\"inLanguage\":\"ca\",\"@id\":\"https:\/\/curell.com\/#\/schema\/person\/image\/\",\"url\":\"https:\/\/secure.gravatar.com\/avatar\/5ba768f4c1f2dc029882cc058466e728a2fb044efeb07308ce14b58859479d16?s=96&d=mm&r=g\",\"contentUrl\":\"https:\/\/secure.gravatar.com\/avatar\/5ba768f4c1f2dc029882cc058466e728a2fb044efeb07308ce14b58859479d16?s=96&d=mm&r=g\",\"caption\":\"clarapirezcurell@gmail.com\"},\"url\":\"#\"}]}<\/script>\n<!-- \/ Yoast SEO plugin. -->","yoast_head_json":{"title":"Actualitzaci\u00f3 de la directiva i el reglament de la UE: millora de la protecci\u00f3 dels dibuixos i models | Curell Su\u00f1ol","robots":{"index":"index","follow":"follow","max-snippet":"max-snippet:-1","max-image-preview":"max-image-preview:large","max-video-preview":"max-video-preview:-1"},"canonical":"https:\/\/curell.com\/ca\/actualitzacio-de-la-directiva-i-el-reglament-de-la-ue-millora-de-la-proteccio-dels-dibuixos-i-models\/","og_locale":"ca_ES","og_type":"article","og_title":"Actualitzaci\u00f3 de la directiva i el reglament de la UE: millora de la protecci\u00f3 dels dibuixos i models | Curell Su\u00f1ol","og_description":"A finals del 2024, la Uni\u00f3 Europea va aprovar una Directiva refosa 2024\/2823 sobre la protecci\u00f3 jur\u00eddica dels dibuixos i models (1) i un Reglament revisat de la UE 2024\/2822 sobre la Uni\u00f3 Europea (2), modificant aix\u00ed l&#8217;anterior Reglament (CE) n\u00fam. 6\/2002 del Consell sobre...","og_url":"https:\/\/curell.com\/ca\/actualitzacio-de-la-directiva-i-el-reglament-de-la-ue-millora-de-la-proteccio-dels-dibuixos-i-models\/","og_site_name":"Curell Su\u00f1ol","article_published_time":"2025-01-28T09:26:42+00:00","article_modified_time":"2025-01-28T13:13:20+00:00","og_image":[{"width":1200,"height":628,"url":"https:\/\/curell.com\/wp-content\/uploads\/2025\/01\/nuevo-reglamento-eu-disenos-registrados.png","type":"image\/png"}],"author":"clarapirezcurell@gmail.com","twitter_card":"summary_large_image","twitter_misc":{"Escrit per":"clarapirezcurell@gmail.com","Temps estimat de lectura":"9 minuts"},"schema":{"@context":"https:\/\/schema.org","@graph":[{"@type":"Article","@id":"https:\/\/curell.com\/ca\/actualitzacio-de-la-directiva-i-el-reglament-de-la-ue-millora-de-la-proteccio-dels-dibuixos-i-models\/#article","isPartOf":{"@id":"https:\/\/curell.com\/ca\/actualitzacio-de-la-directiva-i-el-reglament-de-la-ue-millora-de-la-proteccio-dels-dibuixos-i-models\/"},"author":{"name":"clarapirezcurell@gmail.com","@id":"https:\/\/curell.com\/#\/schema\/person\/1c94ad2a17e2ed17aa5e510ba304ff87"},"headline":"Actualitzaci\u00f3 de la directiva i el reglament de la UE: millora de la protecci\u00f3 dels dibuixos i models","datePublished":"2025-01-28T09:26:42+00:00","dateModified":"2025-01-28T13:13:20+00:00","mainEntityOfPage":{"@id":"https:\/\/curell.com\/ca\/actualitzacio-de-la-directiva-i-el-reglament-de-la-ue-millora-de-la-proteccio-dels-dibuixos-i-models\/"},"wordCount":2052,"publisher":{"@id":"https:\/\/curell.com\/#organization"},"image":{"@id":"https:\/\/curell.com\/ca\/actualitzacio-de-la-directiva-i-el-reglament-de-la-ue-millora-de-la-proteccio-dels-dibuixos-i-models\/#primaryimage"},"thumbnailUrl":"https:\/\/curell.com\/wp-content\/uploads\/2025\/01\/nuevo-reglamento-eu-disenos-registrados.png","articleSection":["Actualitat","Articles","Destacades Actualitat","Dissenys industrials","Patents i models d'utilitat"],"inLanguage":"ca"},{"@type":"WebPage","@id":"https:\/\/curell.com\/ca\/actualitzacio-de-la-directiva-i-el-reglament-de-la-ue-millora-de-la-proteccio-dels-dibuixos-i-models\/","url":"https:\/\/curell.com\/ca\/actualitzacio-de-la-directiva-i-el-reglament-de-la-ue-millora-de-la-proteccio-dels-dibuixos-i-models\/","name":"Actualitzaci\u00f3 de la directiva i el reglament de la UE: millora de la protecci\u00f3 dels dibuixos i models | Curell Su\u00f1ol","isPartOf":{"@id":"https:\/\/curell.com\/#website"},"primaryImageOfPage":{"@id":"https:\/\/curell.com\/ca\/actualitzacio-de-la-directiva-i-el-reglament-de-la-ue-millora-de-la-proteccio-dels-dibuixos-i-models\/#primaryimage"},"image":{"@id":"https:\/\/curell.com\/ca\/actualitzacio-de-la-directiva-i-el-reglament-de-la-ue-millora-de-la-proteccio-dels-dibuixos-i-models\/#primaryimage"},"thumbnailUrl":"https:\/\/curell.com\/wp-content\/uploads\/2025\/01\/nuevo-reglamento-eu-disenos-registrados.png","datePublished":"2025-01-28T09:26:42+00:00","dateModified":"2025-01-28T13:13:20+00:00","breadcrumb":{"@id":"https:\/\/curell.com\/ca\/actualitzacio-de-la-directiva-i-el-reglament-de-la-ue-millora-de-la-proteccio-dels-dibuixos-i-models\/#breadcrumb"},"inLanguage":"ca","potentialAction":[{"@type":"ReadAction","target":["https:\/\/curell.com\/ca\/actualitzacio-de-la-directiva-i-el-reglament-de-la-ue-millora-de-la-proteccio-dels-dibuixos-i-models\/"]}]},{"@type":"ImageObject","inLanguage":"ca","@id":"https:\/\/curell.com\/ca\/actualitzacio-de-la-directiva-i-el-reglament-de-la-ue-millora-de-la-proteccio-dels-dibuixos-i-models\/#primaryimage","url":"https:\/\/curell.com\/wp-content\/uploads\/2025\/01\/nuevo-reglamento-eu-disenos-registrados.png","contentUrl":"https:\/\/curell.com\/wp-content\/uploads\/2025\/01\/nuevo-reglamento-eu-disenos-registrados.png","width":1200,"height":628},{"@type":"BreadcrumbList","@id":"https:\/\/curell.com\/ca\/actualitzacio-de-la-directiva-i-el-reglament-de-la-ue-millora-de-la-proteccio-dels-dibuixos-i-models\/#breadcrumb","itemListElement":[{"@type":"ListItem","position":1,"name":"Portada","item":"https:\/\/curell.com\/ca\/"},{"@type":"ListItem","position":2,"name":"Actualitzaci\u00f3 de la directiva i el reglament de la UE: millora de la protecci\u00f3 dels dibuixos i models"}]},{"@type":"WebSite","@id":"https:\/\/curell.com\/#website","url":"https:\/\/curell.com\/","name":"Curell Su\u00f1ol","description":"Patentes, Marcas y Dise\u00f1os desde 1946","publisher":{"@id":"https:\/\/curell.com\/#organization"},"potentialAction":[{"@type":"SearchAction","target":{"@type":"EntryPoint","urlTemplate":"https:\/\/curell.com\/?s={search_term_string}"},"query-input":{"@type":"PropertyValueSpecification","valueRequired":true,"valueName":"search_term_string"}}],"inLanguage":"ca"},{"@type":"Organization","@id":"https:\/\/curell.com\/#organization","name":"Curell Su\u00f1ol","url":"https:\/\/curell.com\/","logo":{"@type":"ImageObject","inLanguage":"ca","@id":"https:\/\/curell.com\/#\/schema\/logo\/image\/","url":"https:\/\/curell.com\/wp-content\/uploads\/2022\/10\/curell-3.png","contentUrl":"https:\/\/curell.com\/wp-content\/uploads\/2022\/10\/curell-3.png","width":300,"height":70,"caption":"Curell Su\u00f1ol"},"image":{"@id":"https:\/\/curell.com\/#\/schema\/logo\/image\/"},"sameAs":["https:\/\/es.linkedin.com\/company\/curell-su-ol","https:\/\/www.instagram.com\/curell.sunol\/"]},{"@type":"Person","@id":"https:\/\/curell.com\/#\/schema\/person\/1c94ad2a17e2ed17aa5e510ba304ff87","name":"clarapirezcurell@gmail.com","image":{"@type":"ImageObject","inLanguage":"ca","@id":"https:\/\/curell.com\/#\/schema\/person\/image\/","url":"https:\/\/secure.gravatar.com\/avatar\/5ba768f4c1f2dc029882cc058466e728a2fb044efeb07308ce14b58859479d16?s=96&d=mm&r=g","contentUrl":"https:\/\/secure.gravatar.com\/avatar\/5ba768f4c1f2dc029882cc058466e728a2fb044efeb07308ce14b58859479d16?s=96&d=mm&r=g","caption":"clarapirezcurell@gmail.com"},"url":"#"}]}},"_links":{"self":[{"href":"https:\/\/curell.com\/ca\/wp-json\/wp\/v2\/posts\/34160","targetHints":{"allow":["GET"]}}],"collection":[{"href":"https:\/\/curell.com\/ca\/wp-json\/wp\/v2\/posts"}],"about":[{"href":"https:\/\/curell.com\/ca\/wp-json\/wp\/v2\/types\/post"}],"author":[{"embeddable":true,"href":"https:\/\/curell.com\/ca\/wp-json\/wp\/v2\/users\/3"}],"replies":[{"embeddable":true,"href":"https:\/\/curell.com\/ca\/wp-json\/wp\/v2\/comments?post=34160"}],"version-history":[{"count":5,"href":"https:\/\/curell.com\/ca\/wp-json\/wp\/v2\/posts\/34160\/revisions"}],"predecessor-version":[{"id":34201,"href":"https:\/\/curell.com\/ca\/wp-json\/wp\/v2\/posts\/34160\/revisions\/34201"}],"wp:featuredmedia":[{"embeddable":true,"href":"https:\/\/curell.com\/ca\/wp-json\/wp\/v2\/media\/34149"}],"wp:attachment":[{"href":"https:\/\/curell.com\/ca\/wp-json\/wp\/v2\/media?parent=34160"}],"wp:term":[{"taxonomy":"category","embeddable":true,"href":"https:\/\/curell.com\/ca\/wp-json\/wp\/v2\/categories?post=34160"},{"taxonomy":"post_tag","embeddable":true,"href":"https:\/\/curell.com\/ca\/wp-json\/wp\/v2\/tags?post=34160"}],"curies":[{"name":"wp","href":"https:\/\/api.w.org\/{rel}","templated":true}]}}