{"id":4567,"date":"2022-10-27T16:51:20","date_gmt":"2022-10-27T16:51:20","guid":{"rendered":"https:\/\/curell.com\/?p=4567"},"modified":"2025-10-10T08:08:57","modified_gmt":"2025-10-10T08:08:57","slug":"actualizacion-convocatoria-2022-del-programa-de-subvenciones-a-la-pi-para-pymes","status":"publish","type":"post","link":"https:\/\/curell.com\/ca\/actualizacion-convocatoria-2022-del-programa-de-subvenciones-a-la-pi-para-pymes\/","title":{"rendered":"Actualitzaci\u00f3: convocat\u00f2ria 2022 del programa de subvencions a la PI per a PIMES"},"content":{"rendered":"<p><span style=\"font-weight: 400;\">El Fons per a Pimes \u00abIdees <\/span><span style=\"font-weight: 400;\">Powered<\/span> <span style=\"font-weight: 400;\">for<\/span> <span style=\"font-weight: 400;\">business\u00bb<\/span><span style=\"font-weight: 400;\"> \u00e9s un programa de subvencions dissenyat per a ajudar a les petites i mitjanes empreses (PIMES) de la UE en l&#8217;\u00e0mbit dels drets de propietat industrial (PI). <\/span><span style=\"font-weight: 400;\"><br \/>\n<\/span><span style=\"font-weight: 400;\"><br \/>\n<\/span><span style=\"font-weight: 400;\">Es tracta d&#8217;una iniciativa de la Comissi\u00f3 Europea executada per l&#8217;Oficina de Propietat Intel\u00b7lectual de la Uni\u00f3 Europea (<\/span><span style=\"font-weight: 400;\">EUIPO)<\/span><span style=\"font-weight: 400;\"> i consisteix en un programa de reemborsament que emet cupons que poden utilitzar-se per a cobrir parcialment l\u2019import de les taxes corresponents a les activitats seleccionades. <\/span><span style=\"font-weight: 400;\"><br \/>\n<\/span><span style=\"font-weight: 400;\"><br \/>\n<\/span><span style=\"font-weight: 400;\">Hi ha dos tipus de cupons:<\/span><span style=\"font-weight: 400;\"><br \/>\n<\/span><span style=\"font-weight: 400;\"><br \/>\n<\/span><span style=\"font-weight: 400;\">\u2022 CUP\u00d3 1: fa refer\u00e8ncia a taxes de marques dibuixos i models (dissenys); l\u2019import m\u00e0xim reemborsable \u00e9s de 1 500 \u20ac<\/span><span style=\"font-weight: 400;\"><br \/>\n<\/span><span style=\"font-weight: 400;\">\u2022 CUP\u00d3 2: fa refer\u00e8ncia a taxes de patents; l\u2019import m\u00e0xim reemborsable \u00e9s de 750 \u20ac<\/span><span style=\"font-weight: 400;\"><br \/>\n<\/span><span style=\"font-weight: 400;\"><br \/>\n<\/span><span style=\"font-weight: 400;\">Els fons s\u00f3n limitats i estan disponibles per ordre d&#8217;arribada. <\/span><span style=\"font-weight: 400;\"><br \/>\n<\/span><span style=\"font-weight: 400;\"><br \/>\n<\/span><span style=\"font-weight: 400;\">La convocat\u00f2ria de 2022 es va obrir el 10 de gener de 2022 i estar\u00e0 operativa fins al 16 de desembre de 2022. No obstant, el CUP\u00d3 1 (per a cobrir parcialment les taxes de marques i dissenys) no est\u00e0 disponible temporalment per a noves sol\u00b7licituds. Tots els fons de qu\u00e8 disposava han estat assignats, at\u00e8s l\u2019alt nombre de peticions rebudes.<\/span><\/p>\n<p><span style=\"font-weight: 400;\">Si necessiteu m\u00e9s informaci\u00f3 ens podeu contactar o consultar les indicacions publicades a les p\u00e0gines sobre SME FUND de l\u2019EUIPO.\u00a0<\/span><\/p>\n","protected":false},"excerpt":{"rendered":"<p>El Fons per a Pimes \u00abIdees Powered for business\u00bb \u00e9s un programa de subvencions dissenyat per a ajudar a les petites i mitjanes empreses (PIMES) de la UE en l&#8217;\u00e0mbit dels drets de propietat industrial (PI). Es tracta d&#8217;una iniciativa de la Comissi\u00f3 Europea executada&#8230;<\/p>\n","protected":false},"author":3,"featured_media":2969,"comment_status":"open","ping_status":"open","sticky":false,"template":"","format":"standard","meta":{"footnotes":""},"categories":[57,58],"tags":[],"class_list":["post-4567","post","type-post","status-publish","format-standard","has-post-thumbnail","hentry","category-actualitat","category-articles-ca"],"yoast_head":"<!-- This site is optimized with the Yoast SEO plugin v27.1.1 - https:\/\/yoast.com\/product\/yoast-seo-wordpress\/ -->\n<title>Actualitzaci\u00f3: convocat\u00f2ria 2022 del programa de subvencions a la PI per a PIMES | Curell Su\u00f1ol<\/title>\n<meta name=\"robots\" content=\"index, follow, max-snippet:-1, max-image-preview:large, max-video-preview:-1\" \/>\n<link rel=\"canonical\" href=\"https:\/\/curell.com\/ca\/actualizacion-convocatoria-2022-del-programa-de-subvenciones-a-la-pi-para-pymes\/\" \/>\n<meta property=\"og:locale\" content=\"ca_ES\" \/>\n<meta property=\"og:type\" content=\"article\" \/>\n<meta property=\"og:title\" content=\"Actualitzaci\u00f3: convocat\u00f2ria 2022 del programa de subvencions a la PI per a PIMES | Curell Su\u00f1ol\" \/>\n<meta property=\"og:description\" content=\"El Fons per a Pimes \u00abIdees Powered for business\u00bb \u00e9s un programa de subvencions dissenyat per a ajudar a les petites i mitjanes empreses (PIMES) de la UE en l&#8217;\u00e0mbit dels drets de propietat industrial (PI). Es tracta d&#8217;una iniciativa de la Comissi\u00f3 Europea executada...\" \/>\n<meta property=\"og:url\" content=\"https:\/\/curell.com\/ca\/actualizacion-convocatoria-2022-del-programa-de-subvenciones-a-la-pi-para-pymes\/\" \/>\n<meta property=\"og:site_name\" content=\"Curell Su\u00f1ol\" \/>\n<meta property=\"article:published_time\" content=\"2022-10-27T16:51:20+00:00\" \/>\n<meta property=\"article:modified_time\" content=\"2025-10-10T08:08:57+00:00\" \/>\n<meta property=\"og:image\" content=\"https:\/\/curell.com\/wp-content\/uploads\/2022\/09\/ideas.png\" \/>\n\t<meta property=\"og:image:width\" content=\"1200\" \/>\n\t<meta property=\"og:image:height\" content=\"628\" \/>\n\t<meta property=\"og:image:type\" content=\"image\/png\" \/>\n<meta name=\"author\" content=\"clarapirezcurell@gmail.com\" \/>\n<meta name=\"twitter:card\" content=\"summary_large_image\" \/>\n<meta name=\"twitter:label1\" content=\"Escrit per\" \/>\n\t<meta name=\"twitter:data1\" content=\"clarapirezcurell@gmail.com\" \/>\n\t<meta name=\"twitter:label2\" content=\"Temps estimat de lectura\" \/>\n\t<meta name=\"twitter:data2\" content=\"2 minuts\" \/>\n<script type=\"application\/ld+json\" class=\"yoast-schema-graph\">{\"@context\":\"https:\/\/schema.org\",\"@graph\":[{\"@type\":\"Article\",\"@id\":\"https:\/\/curell.com\/ca\/actualizacion-convocatoria-2022-del-programa-de-subvenciones-a-la-pi-para-pymes\/#article\",\"isPartOf\":{\"@id\":\"https:\/\/curell.com\/ca\/actualizacion-convocatoria-2022-del-programa-de-subvenciones-a-la-pi-para-pymes\/\"},\"author\":{\"name\":\"clarapirezcurell@gmail.com\",\"@id\":\"https:\/\/curell.com\/#\/schema\/person\/1c94ad2a17e2ed17aa5e510ba304ff87\"},\"headline\":\"Actualitzaci\u00f3: convocat\u00f2ria 2022 del programa de subvencions a la PI per a PIMES\",\"datePublished\":\"2022-10-27T16:51:20+00:00\",\"dateModified\":\"2025-10-10T08:08:57+00:00\",\"mainEntityOfPage\":{\"@id\":\"https:\/\/curell.com\/ca\/actualizacion-convocatoria-2022-del-programa-de-subvenciones-a-la-pi-para-pymes\/\"},\"wordCount\":230,\"commentCount\":0,\"publisher\":{\"@id\":\"https:\/\/curell.com\/#organization\"},\"image\":{\"@id\":\"https:\/\/curell.com\/ca\/actualizacion-convocatoria-2022-del-programa-de-subvenciones-a-la-pi-para-pymes\/#primaryimage\"},\"thumbnailUrl\":\"https:\/\/curell.com\/wp-content\/uploads\/2022\/09\/ideas.png\",\"articleSection\":[\"Actualitat\",\"Articles\"],\"inLanguage\":\"ca\",\"potentialAction\":[{\"@type\":\"CommentAction\",\"name\":\"Comment\",\"target\":[\"https:\/\/curell.com\/ca\/actualizacion-convocatoria-2022-del-programa-de-subvenciones-a-la-pi-para-pymes\/#respond\"]}]},{\"@type\":\"WebPage\",\"@id\":\"https:\/\/curell.com\/ca\/actualizacion-convocatoria-2022-del-programa-de-subvenciones-a-la-pi-para-pymes\/\",\"url\":\"https:\/\/curell.com\/ca\/actualizacion-convocatoria-2022-del-programa-de-subvenciones-a-la-pi-para-pymes\/\",\"name\":\"Actualitzaci\u00f3: convocat\u00f2ria 2022 del programa de subvencions a la PI per a PIMES | Curell Su\u00f1ol\",\"isPartOf\":{\"@id\":\"https:\/\/curell.com\/#website\"},\"primaryImageOfPage\":{\"@id\":\"https:\/\/curell.com\/ca\/actualizacion-convocatoria-2022-del-programa-de-subvenciones-a-la-pi-para-pymes\/#primaryimage\"},\"image\":{\"@id\":\"https:\/\/curell.com\/ca\/actualizacion-convocatoria-2022-del-programa-de-subvenciones-a-la-pi-para-pymes\/#primaryimage\"},\"thumbnailUrl\":\"https:\/\/curell.com\/wp-content\/uploads\/2022\/09\/ideas.png\",\"datePublished\":\"2022-10-27T16:51:20+00:00\",\"dateModified\":\"2025-10-10T08:08:57+00:00\",\"breadcrumb\":{\"@id\":\"https:\/\/curell.com\/ca\/actualizacion-convocatoria-2022-del-programa-de-subvenciones-a-la-pi-para-pymes\/#breadcrumb\"},\"inLanguage\":\"ca\",\"potentialAction\":[{\"@type\":\"ReadAction\",\"target\":[\"https:\/\/curell.com\/ca\/actualizacion-convocatoria-2022-del-programa-de-subvenciones-a-la-pi-para-pymes\/\"]}]},{\"@type\":\"ImageObject\",\"inLanguage\":\"ca\",\"@id\":\"https:\/\/curell.com\/ca\/actualizacion-convocatoria-2022-del-programa-de-subvenciones-a-la-pi-para-pymes\/#primaryimage\",\"url\":\"https:\/\/curell.com\/wp-content\/uploads\/2022\/09\/ideas.png\",\"contentUrl\":\"https:\/\/curell.com\/wp-content\/uploads\/2022\/09\/ideas.png\",\"width\":1200,\"height\":628},{\"@type\":\"BreadcrumbList\",\"@id\":\"https:\/\/curell.com\/ca\/actualizacion-convocatoria-2022-del-programa-de-subvenciones-a-la-pi-para-pymes\/#breadcrumb\",\"itemListElement\":[{\"@type\":\"ListItem\",\"position\":1,\"name\":\"Portada\",\"item\":\"https:\/\/curell.com\/ca\/\"},{\"@type\":\"ListItem\",\"position\":2,\"name\":\"Actualitzaci\u00f3: convocat\u00f2ria 2022 del programa de subvencions a la PI per a PIMES\"}]},{\"@type\":\"WebSite\",\"@id\":\"https:\/\/curell.com\/#website\",\"url\":\"https:\/\/curell.com\/\",\"name\":\"Curell Su\u00f1ol\",\"description\":\"Patentes, Marcas y Dise\u00f1os desde 1946\",\"publisher\":{\"@id\":\"https:\/\/curell.com\/#organization\"},\"potentialAction\":[{\"@type\":\"SearchAction\",\"target\":{\"@type\":\"EntryPoint\",\"urlTemplate\":\"https:\/\/curell.com\/?s={search_term_string}\"},\"query-input\":{\"@type\":\"PropertyValueSpecification\",\"valueRequired\":true,\"valueName\":\"search_term_string\"}}],\"inLanguage\":\"ca\"},{\"@type\":\"Organization\",\"@id\":\"https:\/\/curell.com\/#organization\",\"name\":\"Curell Su\u00f1ol\",\"url\":\"https:\/\/curell.com\/\",\"logo\":{\"@type\":\"ImageObject\",\"inLanguage\":\"ca\",\"@id\":\"https:\/\/curell.com\/#\/schema\/logo\/image\/\",\"url\":\"https:\/\/curell.com\/wp-content\/uploads\/2022\/10\/curell-3.png\",\"contentUrl\":\"https:\/\/curell.com\/wp-content\/uploads\/2022\/10\/curell-3.png\",\"width\":300,\"height\":70,\"caption\":\"Curell Su\u00f1ol\"},\"image\":{\"@id\":\"https:\/\/curell.com\/#\/schema\/logo\/image\/\"},\"sameAs\":[\"https:\/\/es.linkedin.com\/company\/curell-su-ol\",\"https:\/\/www.instagram.com\/curell.sunol\/\"]},{\"@type\":\"Person\",\"@id\":\"https:\/\/curell.com\/#\/schema\/person\/1c94ad2a17e2ed17aa5e510ba304ff87\",\"name\":\"clarapirezcurell@gmail.com\",\"image\":{\"@type\":\"ImageObject\",\"inLanguage\":\"ca\",\"@id\":\"https:\/\/curell.com\/#\/schema\/person\/image\/\",\"url\":\"https:\/\/secure.gravatar.com\/avatar\/5ba768f4c1f2dc029882cc058466e728a2fb044efeb07308ce14b58859479d16?s=96&d=mm&r=g\",\"contentUrl\":\"https:\/\/secure.gravatar.com\/avatar\/5ba768f4c1f2dc029882cc058466e728a2fb044efeb07308ce14b58859479d16?s=96&d=mm&r=g\",\"caption\":\"clarapirezcurell@gmail.com\"},\"url\":\"#\"}]}<\/script>\n<!-- \/ Yoast SEO plugin. -->","yoast_head_json":{"title":"Actualitzaci\u00f3: convocat\u00f2ria 2022 del programa de subvencions a la PI per a PIMES | Curell Su\u00f1ol","robots":{"index":"index","follow":"follow","max-snippet":"max-snippet:-1","max-image-preview":"max-image-preview:large","max-video-preview":"max-video-preview:-1"},"canonical":"https:\/\/curell.com\/ca\/actualizacion-convocatoria-2022-del-programa-de-subvenciones-a-la-pi-para-pymes\/","og_locale":"ca_ES","og_type":"article","og_title":"Actualitzaci\u00f3: convocat\u00f2ria 2022 del programa de subvencions a la PI per a PIMES | Curell Su\u00f1ol","og_description":"El Fons per a Pimes \u00abIdees Powered for business\u00bb \u00e9s un programa de subvencions dissenyat per a ajudar a les petites i mitjanes empreses (PIMES) de la UE en l&#8217;\u00e0mbit dels drets de propietat industrial (PI). Es tracta d&#8217;una iniciativa de la Comissi\u00f3 Europea executada...","og_url":"https:\/\/curell.com\/ca\/actualizacion-convocatoria-2022-del-programa-de-subvenciones-a-la-pi-para-pymes\/","og_site_name":"Curell Su\u00f1ol","article_published_time":"2022-10-27T16:51:20+00:00","article_modified_time":"2025-10-10T08:08:57+00:00","og_image":[{"width":1200,"height":628,"url":"https:\/\/curell.com\/wp-content\/uploads\/2022\/09\/ideas.png","type":"image\/png"}],"author":"clarapirezcurell@gmail.com","twitter_card":"summary_large_image","twitter_misc":{"Escrit per":"clarapirezcurell@gmail.com","Temps estimat de lectura":"2 minuts"},"schema":{"@context":"https:\/\/schema.org","@graph":[{"@type":"Article","@id":"https:\/\/curell.com\/ca\/actualizacion-convocatoria-2022-del-programa-de-subvenciones-a-la-pi-para-pymes\/#article","isPartOf":{"@id":"https:\/\/curell.com\/ca\/actualizacion-convocatoria-2022-del-programa-de-subvenciones-a-la-pi-para-pymes\/"},"author":{"name":"clarapirezcurell@gmail.com","@id":"https:\/\/curell.com\/#\/schema\/person\/1c94ad2a17e2ed17aa5e510ba304ff87"},"headline":"Actualitzaci\u00f3: convocat\u00f2ria 2022 del programa de subvencions a la PI per a PIMES","datePublished":"2022-10-27T16:51:20+00:00","dateModified":"2025-10-10T08:08:57+00:00","mainEntityOfPage":{"@id":"https:\/\/curell.com\/ca\/actualizacion-convocatoria-2022-del-programa-de-subvenciones-a-la-pi-para-pymes\/"},"wordCount":230,"commentCount":0,"publisher":{"@id":"https:\/\/curell.com\/#organization"},"image":{"@id":"https:\/\/curell.com\/ca\/actualizacion-convocatoria-2022-del-programa-de-subvenciones-a-la-pi-para-pymes\/#primaryimage"},"thumbnailUrl":"https:\/\/curell.com\/wp-content\/uploads\/2022\/09\/ideas.png","articleSection":["Actualitat","Articles"],"inLanguage":"ca","potentialAction":[{"@type":"CommentAction","name":"Comment","target":["https:\/\/curell.com\/ca\/actualizacion-convocatoria-2022-del-programa-de-subvenciones-a-la-pi-para-pymes\/#respond"]}]},{"@type":"WebPage","@id":"https:\/\/curell.com\/ca\/actualizacion-convocatoria-2022-del-programa-de-subvenciones-a-la-pi-para-pymes\/","url":"https:\/\/curell.com\/ca\/actualizacion-convocatoria-2022-del-programa-de-subvenciones-a-la-pi-para-pymes\/","name":"Actualitzaci\u00f3: convocat\u00f2ria 2022 del programa de subvencions a la PI per a PIMES | Curell Su\u00f1ol","isPartOf":{"@id":"https:\/\/curell.com\/#website"},"primaryImageOfPage":{"@id":"https:\/\/curell.com\/ca\/actualizacion-convocatoria-2022-del-programa-de-subvenciones-a-la-pi-para-pymes\/#primaryimage"},"image":{"@id":"https:\/\/curell.com\/ca\/actualizacion-convocatoria-2022-del-programa-de-subvenciones-a-la-pi-para-pymes\/#primaryimage"},"thumbnailUrl":"https:\/\/curell.com\/wp-content\/uploads\/2022\/09\/ideas.png","datePublished":"2022-10-27T16:51:20+00:00","dateModified":"2025-10-10T08:08:57+00:00","breadcrumb":{"@id":"https:\/\/curell.com\/ca\/actualizacion-convocatoria-2022-del-programa-de-subvenciones-a-la-pi-para-pymes\/#breadcrumb"},"inLanguage":"ca","potentialAction":[{"@type":"ReadAction","target":["https:\/\/curell.com\/ca\/actualizacion-convocatoria-2022-del-programa-de-subvenciones-a-la-pi-para-pymes\/"]}]},{"@type":"ImageObject","inLanguage":"ca","@id":"https:\/\/curell.com\/ca\/actualizacion-convocatoria-2022-del-programa-de-subvenciones-a-la-pi-para-pymes\/#primaryimage","url":"https:\/\/curell.com\/wp-content\/uploads\/2022\/09\/ideas.png","contentUrl":"https:\/\/curell.com\/wp-content\/uploads\/2022\/09\/ideas.png","width":1200,"height":628},{"@type":"BreadcrumbList","@id":"https:\/\/curell.com\/ca\/actualizacion-convocatoria-2022-del-programa-de-subvenciones-a-la-pi-para-pymes\/#breadcrumb","itemListElement":[{"@type":"ListItem","position":1,"name":"Portada","item":"https:\/\/curell.com\/ca\/"},{"@type":"ListItem","position":2,"name":"Actualitzaci\u00f3: convocat\u00f2ria 2022 del programa de subvencions a la PI per a PIMES"}]},{"@type":"WebSite","@id":"https:\/\/curell.com\/#website","url":"https:\/\/curell.com\/","name":"Curell Su\u00f1ol","description":"Patentes, Marcas y Dise\u00f1os desde 1946","publisher":{"@id":"https:\/\/curell.com\/#organization"},"potentialAction":[{"@type":"SearchAction","target":{"@type":"EntryPoint","urlTemplate":"https:\/\/curell.com\/?s={search_term_string}"},"query-input":{"@type":"PropertyValueSpecification","valueRequired":true,"valueName":"search_term_string"}}],"inLanguage":"ca"},{"@type":"Organization","@id":"https:\/\/curell.com\/#organization","name":"Curell Su\u00f1ol","url":"https:\/\/curell.com\/","logo":{"@type":"ImageObject","inLanguage":"ca","@id":"https:\/\/curell.com\/#\/schema\/logo\/image\/","url":"https:\/\/curell.com\/wp-content\/uploads\/2022\/10\/curell-3.png","contentUrl":"https:\/\/curell.com\/wp-content\/uploads\/2022\/10\/curell-3.png","width":300,"height":70,"caption":"Curell Su\u00f1ol"},"image":{"@id":"https:\/\/curell.com\/#\/schema\/logo\/image\/"},"sameAs":["https:\/\/es.linkedin.com\/company\/curell-su-ol","https:\/\/www.instagram.com\/curell.sunol\/"]},{"@type":"Person","@id":"https:\/\/curell.com\/#\/schema\/person\/1c94ad2a17e2ed17aa5e510ba304ff87","name":"clarapirezcurell@gmail.com","image":{"@type":"ImageObject","inLanguage":"ca","@id":"https:\/\/curell.com\/#\/schema\/person\/image\/","url":"https:\/\/secure.gravatar.com\/avatar\/5ba768f4c1f2dc029882cc058466e728a2fb044efeb07308ce14b58859479d16?s=96&d=mm&r=g","contentUrl":"https:\/\/secure.gravatar.com\/avatar\/5ba768f4c1f2dc029882cc058466e728a2fb044efeb07308ce14b58859479d16?s=96&d=mm&r=g","caption":"clarapirezcurell@gmail.com"},"url":"#"}]}},"_links":{"self":[{"href":"https:\/\/curell.com\/ca\/wp-json\/wp\/v2\/posts\/4567","targetHints":{"allow":["GET"]}}],"collection":[{"href":"https:\/\/curell.com\/ca\/wp-json\/wp\/v2\/posts"}],"about":[{"href":"https:\/\/curell.com\/ca\/wp-json\/wp\/v2\/types\/post"}],"author":[{"embeddable":true,"href":"https:\/\/curell.com\/ca\/wp-json\/wp\/v2\/users\/3"}],"replies":[{"embeddable":true,"href":"https:\/\/curell.com\/ca\/wp-json\/wp\/v2\/comments?post=4567"}],"version-history":[{"count":3,"href":"https:\/\/curell.com\/ca\/wp-json\/wp\/v2\/posts\/4567\/revisions"}],"predecessor-version":[{"id":4572,"href":"https:\/\/curell.com\/ca\/wp-json\/wp\/v2\/posts\/4567\/revisions\/4572"}],"wp:featuredmedia":[{"embeddable":true,"href":"https:\/\/curell.com\/ca\/wp-json\/wp\/v2\/media\/2969"}],"wp:attachment":[{"href":"https:\/\/curell.com\/ca\/wp-json\/wp\/v2\/media?parent=4567"}],"wp:term":[{"taxonomy":"category","embeddable":true,"href":"https:\/\/curell.com\/ca\/wp-json\/wp\/v2\/categories?post=4567"},{"taxonomy":"post_tag","embeddable":true,"href":"https:\/\/curell.com\/ca\/wp-json\/wp\/v2\/tags?post=4567"}],"curies":[{"name":"wp","href":"https:\/\/api.w.org\/{rel}","templated":true}]}}