{"id":5683,"date":"2023-01-18T14:56:31","date_gmt":"2023-01-18T14:56:31","guid":{"rendered":"https:\/\/curell.com\/?p=5683"},"modified":"2023-01-18T14:56:22","modified_gmt":"2023-01-18T14:56:22","slug":"mickey-mouse-i-drets-dautor","status":"publish","type":"post","link":"https:\/\/curell.com\/ca\/mickey-mouse-i-drets-dautor\/","title":{"rendered":"Mickey Mouse i drets d&#8217;autor"},"content":{"rendered":"<p><b>Els drets d\u2019autor estan limitats en el temps<\/b><span style=\"font-weight: 400;\">. A Espanya, i a la majoria d\u2019Estats europeus, generalment la durada de la protecci\u00f3 dels drets d\u2019explotaci\u00f3 de l\u2019obra \u00e9s la vida de l\u2019autor m\u00e9s setanta anys despr\u00e9s de la seva mort. Quan el termini de protecci\u00f3 dels drets ha expirat, l\u2019obra o prestaci\u00f3 passa al domini p\u00fablic i pot ser utilitzada per qualsevol persona, de forma lliure i gratu\u00efta.<\/span><\/p>\n<p><b>Cada any hi ha obres creatives que deixen d\u2019estar protegides per copyright i queden alliberades.<\/b><span style=\"font-weight: 400;\"> Passa amb obres liter\u00e0ries, pel\u00b7l\u00edcules, art i m\u00fasica.\u00a0 Aquests dies, la premsa ha parlat a bastament sobre el fet que al gener del 2024 expiren els\u00a0 drets d\u2019autor sobre la primera pel\u00b7l\u00edcula on apareix la figura de Mickey Mouse, creada l\u20191 d\u2019octubre de 1928. Es tracta del curtmetratge <\/span><i><span style=\"font-weight: 400;\">Steamboat Willie <\/span><\/i><span style=\"font-weight: 400;\">\u00a0<\/span><span style=\"font-weight: 400;\">que es va estrenar a Broadway el 18 de novembre del 1928.<\/span><\/p>\n<p><span style=\"font-weight: 400;\">Per\u00f2, quedaran totes les versions del personatge alliberades? Les podr\u00e0 utilitzar qualsevol lliurement? D\u2019entrada, \u00e9s important\u00a0 observar que s\u2019alliberaran els drets d\u2019autor sobre la pel\u00b7l\u00edcula <\/span><i><span style=\"font-weight: 400;\">Steamboat Willie<\/span><\/i><span style=\"font-weight: 400;\"> i, en conseq\u00fc\u00e8ncia, passar\u00e0 al domini p\u00fablic \u00fanicament la versi\u00f3 del ratol\u00ed Mickey que hi apareix, per\u00f2 no la resta. <\/span><span style=\"font-weight: 400;\">A m\u00e9s, cal tenir en compte que existeixen formes de prorrogar els drets d\u2019exclusiva sobre els personatges de dibuixos animats.<\/span><\/p>\n<p><b>Com es poden prolongar aquests drets sobre personatges que donen milions de guanys, no nom\u00e9s com a protagonistes de pel\u00b7l\u00edcules i llibres sin\u00f3 en el negoci del merchandising?<\/b><span style=\"font-weight: 400;\"> Abans que els drets d\u2019autor passin al domini p\u00fablic es registra com a marca la figura o dibuix del personatge, amb els seus trets m\u00e9s ic\u00f2nics i caracter\u00edstics, i d\u2019aquesta manera el dret d\u2019\u00fas en exclusiva es pot mantenir tant com es vulgui, at\u00e8s que les marques registrades poden ser renovades indefinidament.<\/span><\/p>\n<p><span style=\"font-weight: 400;\">Per tant, \u00a0els estudis Disney, com a propietaris de marques registrades sobre el personatge de Mickey Mouse, com poden ser<\/span><\/p>\n<p><span style=\"font-weight: 400;\">\u00a0\u00a0\u00a0\u00a0\u00a0\u00a0\u00a0\u00a0\u00a0\u00a0\u00a0\u00a0\u00a0\u00a0\u00a0\u00a0\u00a0\u00a0\u00a0\u00a0\u00a0\u00a0\u00a0\u00a0\u00a0<\/span><span style=\"font-weight: 400;\">\u00a0 <img loading=\"lazy\" decoding=\"async\" class=\"alignnone size-full wp-image-5677\" src=\"https:\/\/curell.com\/wp-content\/uploads\/2023\/01\/Captura-de-Pantalla-2023-01-18-a-les-15.17.13.png\" alt=\"\" width=\"117\" height=\"110\" \/>\u00a0 \u00a0 \u00a0 \u00a0 \u00a0 \u00a0 \u00a0 \u00a0 \u00a0 \u00a0 \u00a0 \u00a0 \u00a0 \u00a0 \u00a0 \u00a0 \u00a0<\/span><span style=\"font-weight: 400;\">\u00a0 <img loading=\"lazy\" decoding=\"async\" class=\"alignnone size-full wp-image-5674\" src=\"https:\/\/curell.com\/wp-content\/uploads\/2023\/01\/Captura-de-Pantalla-2023-01-18-a-les-15.17.20.png\" alt=\"\" width=\"78\" height=\"103\" \/><\/span><\/p>\n<p><span style=\"font-weight: 400;\">Marca de la UE n\u00fam. 003332913\u00a0 \u00a0 \u00a0 \u00a0 \u00a0 \u00a0 \u00a0 Marca de la UE n\u00fam. 003335981<\/span><\/p>\n<p><span style=\"font-weight: 400;\">per a distingir una gran varietat de productes, podran impedir que qualsevol de nosaltres comercialitzi, per exemple, una samarreta on hi hagi impresa una imatge de Mickey Mouse. Sorgeix la pregunta: podran impedir l\u2019\u00fas de qualsevol representaci\u00f3 del popular ratol\u00ed alliberada de drets d\u2019autor o nom\u00e9s aquella (o aquelles) que correspongui a la forma com la tinguin registrada com a marca? Dependr\u00e0 del context concret i dels l\u00edmits que la legislaci\u00f3, la pr\u00e0ctica i la jurisprud\u00e8ncia en mat\u00e8ria de marques estableixin a cada jurisdicci\u00f3.<\/span><\/p>\n<p>&nbsp;<\/p>\n","protected":false},"excerpt":{"rendered":"<p>Els drets d\u2019autor estan limitats en el temps. A Espanya, i a la majoria d\u2019Estats europeus, generalment la durada de la protecci\u00f3 dels drets d\u2019explotaci\u00f3 de l\u2019obra \u00e9s la vida de l\u2019autor m\u00e9s setanta anys despr\u00e9s de la seva mort. Quan el termini de protecci\u00f3&#8230;<\/p>\n","protected":false},"author":3,"featured_media":5680,"comment_status":"open","ping_status":"open","sticky":false,"template":"","format":"standard","meta":{"footnotes":""},"categories":[57,58,131],"tags":[],"class_list":["post-5683","post","type-post","status-publish","format-standard","has-post-thumbnail","hentry","category-actualitat","category-articles-ca","category-drets-dautor"],"yoast_head":"<!-- This site is optimized with the Yoast SEO plugin v27.1.1 - https:\/\/yoast.com\/product\/yoast-seo-wordpress\/ -->\n<title>Mickey Mouse i drets d&#039;autor | Curell Su\u00f1ol<\/title>\n<meta name=\"robots\" content=\"index, follow, max-snippet:-1, max-image-preview:large, max-video-preview:-1\" \/>\n<link rel=\"canonical\" href=\"https:\/\/curell.com\/ca\/mickey-mouse-i-drets-dautor\/\" \/>\n<meta property=\"og:locale\" content=\"ca_ES\" \/>\n<meta property=\"og:type\" content=\"article\" \/>\n<meta property=\"og:title\" content=\"Mickey Mouse i drets d&#039;autor | Curell Su\u00f1ol\" \/>\n<meta property=\"og:description\" content=\"Els drets d\u2019autor estan limitats en el temps. A Espanya, i a la majoria d\u2019Estats europeus, generalment la durada de la protecci\u00f3 dels drets d\u2019explotaci\u00f3 de l\u2019obra \u00e9s la vida de l\u2019autor m\u00e9s setanta anys despr\u00e9s de la seva mort. Quan el termini de protecci\u00f3...\" \/>\n<meta property=\"og:url\" content=\"https:\/\/curell.com\/ca\/mickey-mouse-i-drets-dautor\/\" \/>\n<meta property=\"og:site_name\" content=\"Curell Su\u00f1ol\" \/>\n<meta property=\"article:published_time\" content=\"2023-01-18T14:56:31+00:00\" \/>\n<meta property=\"og:image\" content=\"https:\/\/curell.com\/wp-content\/uploads\/2023\/01\/derechos-autor-mickey-mouse-disney.png\" \/>\n\t<meta property=\"og:image:width\" content=\"1200\" \/>\n\t<meta property=\"og:image:height\" content=\"628\" \/>\n\t<meta property=\"og:image:type\" content=\"image\/png\" \/>\n<meta name=\"author\" content=\"clarapirezcurell@gmail.com\" \/>\n<meta name=\"twitter:card\" content=\"summary_large_image\" \/>\n<meta name=\"twitter:label1\" content=\"Escrit per\" \/>\n\t<meta name=\"twitter:data1\" content=\"clarapirezcurell@gmail.com\" \/>\n\t<meta name=\"twitter:label2\" content=\"Temps estimat de lectura\" \/>\n\t<meta name=\"twitter:data2\" content=\"3 minuts\" \/>\n<script type=\"application\/ld+json\" class=\"yoast-schema-graph\">{\"@context\":\"https:\/\/schema.org\",\"@graph\":[{\"@type\":\"Article\",\"@id\":\"https:\/\/curell.com\/ca\/mickey-mouse-i-drets-dautor\/#article\",\"isPartOf\":{\"@id\":\"https:\/\/curell.com\/ca\/mickey-mouse-i-drets-dautor\/\"},\"author\":{\"name\":\"clarapirezcurell@gmail.com\",\"@id\":\"https:\/\/curell.com\/#\/schema\/person\/1c94ad2a17e2ed17aa5e510ba304ff87\"},\"headline\":\"Mickey Mouse i drets d&#8217;autor\",\"datePublished\":\"2023-01-18T14:56:31+00:00\",\"mainEntityOfPage\":{\"@id\":\"https:\/\/curell.com\/ca\/mickey-mouse-i-drets-dautor\/\"},\"wordCount\":456,\"commentCount\":0,\"publisher\":{\"@id\":\"https:\/\/curell.com\/#organization\"},\"image\":{\"@id\":\"https:\/\/curell.com\/ca\/mickey-mouse-i-drets-dautor\/#primaryimage\"},\"thumbnailUrl\":\"https:\/\/curell.com\/wp-content\/uploads\/2023\/01\/derechos-autor-mickey-mouse-disney.png\",\"articleSection\":[\"Actualitat\",\"Articles\",\"Drets d'autor\"],\"inLanguage\":\"ca\",\"potentialAction\":[{\"@type\":\"CommentAction\",\"name\":\"Comment\",\"target\":[\"https:\/\/curell.com\/ca\/mickey-mouse-i-drets-dautor\/#respond\"]}]},{\"@type\":\"WebPage\",\"@id\":\"https:\/\/curell.com\/ca\/mickey-mouse-i-drets-dautor\/\",\"url\":\"https:\/\/curell.com\/ca\/mickey-mouse-i-drets-dautor\/\",\"name\":\"Mickey Mouse i drets d'autor | Curell Su\u00f1ol\",\"isPartOf\":{\"@id\":\"https:\/\/curell.com\/#website\"},\"primaryImageOfPage\":{\"@id\":\"https:\/\/curell.com\/ca\/mickey-mouse-i-drets-dautor\/#primaryimage\"},\"image\":{\"@id\":\"https:\/\/curell.com\/ca\/mickey-mouse-i-drets-dautor\/#primaryimage\"},\"thumbnailUrl\":\"https:\/\/curell.com\/wp-content\/uploads\/2023\/01\/derechos-autor-mickey-mouse-disney.png\",\"datePublished\":\"2023-01-18T14:56:31+00:00\",\"breadcrumb\":{\"@id\":\"https:\/\/curell.com\/ca\/mickey-mouse-i-drets-dautor\/#breadcrumb\"},\"inLanguage\":\"ca\",\"potentialAction\":[{\"@type\":\"ReadAction\",\"target\":[\"https:\/\/curell.com\/ca\/mickey-mouse-i-drets-dautor\/\"]}]},{\"@type\":\"ImageObject\",\"inLanguage\":\"ca\",\"@id\":\"https:\/\/curell.com\/ca\/mickey-mouse-i-drets-dautor\/#primaryimage\",\"url\":\"https:\/\/curell.com\/wp-content\/uploads\/2023\/01\/derechos-autor-mickey-mouse-disney.png\",\"contentUrl\":\"https:\/\/curell.com\/wp-content\/uploads\/2023\/01\/derechos-autor-mickey-mouse-disney.png\",\"width\":1200,\"height\":628},{\"@type\":\"BreadcrumbList\",\"@id\":\"https:\/\/curell.com\/ca\/mickey-mouse-i-drets-dautor\/#breadcrumb\",\"itemListElement\":[{\"@type\":\"ListItem\",\"position\":1,\"name\":\"Portada\",\"item\":\"https:\/\/curell.com\/ca\/\"},{\"@type\":\"ListItem\",\"position\":2,\"name\":\"Mickey Mouse i drets d&#8217;autor\"}]},{\"@type\":\"WebSite\",\"@id\":\"https:\/\/curell.com\/#website\",\"url\":\"https:\/\/curell.com\/\",\"name\":\"Curell Su\u00f1ol\",\"description\":\"Patentes, Marcas y Dise\u00f1os desde 1946\",\"publisher\":{\"@id\":\"https:\/\/curell.com\/#organization\"},\"potentialAction\":[{\"@type\":\"SearchAction\",\"target\":{\"@type\":\"EntryPoint\",\"urlTemplate\":\"https:\/\/curell.com\/?s={search_term_string}\"},\"query-input\":{\"@type\":\"PropertyValueSpecification\",\"valueRequired\":true,\"valueName\":\"search_term_string\"}}],\"inLanguage\":\"ca\"},{\"@type\":\"Organization\",\"@id\":\"https:\/\/curell.com\/#organization\",\"name\":\"Curell Su\u00f1ol\",\"url\":\"https:\/\/curell.com\/\",\"logo\":{\"@type\":\"ImageObject\",\"inLanguage\":\"ca\",\"@id\":\"https:\/\/curell.com\/#\/schema\/logo\/image\/\",\"url\":\"https:\/\/curell.com\/wp-content\/uploads\/2022\/10\/curell-3.png\",\"contentUrl\":\"https:\/\/curell.com\/wp-content\/uploads\/2022\/10\/curell-3.png\",\"width\":300,\"height\":70,\"caption\":\"Curell Su\u00f1ol\"},\"image\":{\"@id\":\"https:\/\/curell.com\/#\/schema\/logo\/image\/\"},\"sameAs\":[\"https:\/\/es.linkedin.com\/company\/curell-su-ol\",\"https:\/\/www.instagram.com\/curell.sunol\/\"]},{\"@type\":\"Person\",\"@id\":\"https:\/\/curell.com\/#\/schema\/person\/1c94ad2a17e2ed17aa5e510ba304ff87\",\"name\":\"clarapirezcurell@gmail.com\",\"image\":{\"@type\":\"ImageObject\",\"inLanguage\":\"ca\",\"@id\":\"https:\/\/curell.com\/#\/schema\/person\/image\/\",\"url\":\"https:\/\/secure.gravatar.com\/avatar\/5ba768f4c1f2dc029882cc058466e728a2fb044efeb07308ce14b58859479d16?s=96&d=mm&r=g\",\"contentUrl\":\"https:\/\/secure.gravatar.com\/avatar\/5ba768f4c1f2dc029882cc058466e728a2fb044efeb07308ce14b58859479d16?s=96&d=mm&r=g\",\"caption\":\"clarapirezcurell@gmail.com\"},\"url\":\"#\"}]}<\/script>\n<!-- \/ Yoast SEO plugin. -->","yoast_head_json":{"title":"Mickey Mouse i drets d'autor | Curell Su\u00f1ol","robots":{"index":"index","follow":"follow","max-snippet":"max-snippet:-1","max-image-preview":"max-image-preview:large","max-video-preview":"max-video-preview:-1"},"canonical":"https:\/\/curell.com\/ca\/mickey-mouse-i-drets-dautor\/","og_locale":"ca_ES","og_type":"article","og_title":"Mickey Mouse i drets d'autor | Curell Su\u00f1ol","og_description":"Els drets d\u2019autor estan limitats en el temps. A Espanya, i a la majoria d\u2019Estats europeus, generalment la durada de la protecci\u00f3 dels drets d\u2019explotaci\u00f3 de l\u2019obra \u00e9s la vida de l\u2019autor m\u00e9s setanta anys despr\u00e9s de la seva mort. Quan el termini de protecci\u00f3...","og_url":"https:\/\/curell.com\/ca\/mickey-mouse-i-drets-dautor\/","og_site_name":"Curell Su\u00f1ol","article_published_time":"2023-01-18T14:56:31+00:00","og_image":[{"width":1200,"height":628,"url":"https:\/\/curell.com\/wp-content\/uploads\/2023\/01\/derechos-autor-mickey-mouse-disney.png","type":"image\/png"}],"author":"clarapirezcurell@gmail.com","twitter_card":"summary_large_image","twitter_misc":{"Escrit per":"clarapirezcurell@gmail.com","Temps estimat de lectura":"3 minuts"},"schema":{"@context":"https:\/\/schema.org","@graph":[{"@type":"Article","@id":"https:\/\/curell.com\/ca\/mickey-mouse-i-drets-dautor\/#article","isPartOf":{"@id":"https:\/\/curell.com\/ca\/mickey-mouse-i-drets-dautor\/"},"author":{"name":"clarapirezcurell@gmail.com","@id":"https:\/\/curell.com\/#\/schema\/person\/1c94ad2a17e2ed17aa5e510ba304ff87"},"headline":"Mickey Mouse i drets d&#8217;autor","datePublished":"2023-01-18T14:56:31+00:00","mainEntityOfPage":{"@id":"https:\/\/curell.com\/ca\/mickey-mouse-i-drets-dautor\/"},"wordCount":456,"commentCount":0,"publisher":{"@id":"https:\/\/curell.com\/#organization"},"image":{"@id":"https:\/\/curell.com\/ca\/mickey-mouse-i-drets-dautor\/#primaryimage"},"thumbnailUrl":"https:\/\/curell.com\/wp-content\/uploads\/2023\/01\/derechos-autor-mickey-mouse-disney.png","articleSection":["Actualitat","Articles","Drets d'autor"],"inLanguage":"ca","potentialAction":[{"@type":"CommentAction","name":"Comment","target":["https:\/\/curell.com\/ca\/mickey-mouse-i-drets-dautor\/#respond"]}]},{"@type":"WebPage","@id":"https:\/\/curell.com\/ca\/mickey-mouse-i-drets-dautor\/","url":"https:\/\/curell.com\/ca\/mickey-mouse-i-drets-dautor\/","name":"Mickey Mouse i drets d'autor | Curell Su\u00f1ol","isPartOf":{"@id":"https:\/\/curell.com\/#website"},"primaryImageOfPage":{"@id":"https:\/\/curell.com\/ca\/mickey-mouse-i-drets-dautor\/#primaryimage"},"image":{"@id":"https:\/\/curell.com\/ca\/mickey-mouse-i-drets-dautor\/#primaryimage"},"thumbnailUrl":"https:\/\/curell.com\/wp-content\/uploads\/2023\/01\/derechos-autor-mickey-mouse-disney.png","datePublished":"2023-01-18T14:56:31+00:00","breadcrumb":{"@id":"https:\/\/curell.com\/ca\/mickey-mouse-i-drets-dautor\/#breadcrumb"},"inLanguage":"ca","potentialAction":[{"@type":"ReadAction","target":["https:\/\/curell.com\/ca\/mickey-mouse-i-drets-dautor\/"]}]},{"@type":"ImageObject","inLanguage":"ca","@id":"https:\/\/curell.com\/ca\/mickey-mouse-i-drets-dautor\/#primaryimage","url":"https:\/\/curell.com\/wp-content\/uploads\/2023\/01\/derechos-autor-mickey-mouse-disney.png","contentUrl":"https:\/\/curell.com\/wp-content\/uploads\/2023\/01\/derechos-autor-mickey-mouse-disney.png","width":1200,"height":628},{"@type":"BreadcrumbList","@id":"https:\/\/curell.com\/ca\/mickey-mouse-i-drets-dautor\/#breadcrumb","itemListElement":[{"@type":"ListItem","position":1,"name":"Portada","item":"https:\/\/curell.com\/ca\/"},{"@type":"ListItem","position":2,"name":"Mickey Mouse i drets d&#8217;autor"}]},{"@type":"WebSite","@id":"https:\/\/curell.com\/#website","url":"https:\/\/curell.com\/","name":"Curell Su\u00f1ol","description":"Patentes, Marcas y Dise\u00f1os desde 1946","publisher":{"@id":"https:\/\/curell.com\/#organization"},"potentialAction":[{"@type":"SearchAction","target":{"@type":"EntryPoint","urlTemplate":"https:\/\/curell.com\/?s={search_term_string}"},"query-input":{"@type":"PropertyValueSpecification","valueRequired":true,"valueName":"search_term_string"}}],"inLanguage":"ca"},{"@type":"Organization","@id":"https:\/\/curell.com\/#organization","name":"Curell Su\u00f1ol","url":"https:\/\/curell.com\/","logo":{"@type":"ImageObject","inLanguage":"ca","@id":"https:\/\/curell.com\/#\/schema\/logo\/image\/","url":"https:\/\/curell.com\/wp-content\/uploads\/2022\/10\/curell-3.png","contentUrl":"https:\/\/curell.com\/wp-content\/uploads\/2022\/10\/curell-3.png","width":300,"height":70,"caption":"Curell Su\u00f1ol"},"image":{"@id":"https:\/\/curell.com\/#\/schema\/logo\/image\/"},"sameAs":["https:\/\/es.linkedin.com\/company\/curell-su-ol","https:\/\/www.instagram.com\/curell.sunol\/"]},{"@type":"Person","@id":"https:\/\/curell.com\/#\/schema\/person\/1c94ad2a17e2ed17aa5e510ba304ff87","name":"clarapirezcurell@gmail.com","image":{"@type":"ImageObject","inLanguage":"ca","@id":"https:\/\/curell.com\/#\/schema\/person\/image\/","url":"https:\/\/secure.gravatar.com\/avatar\/5ba768f4c1f2dc029882cc058466e728a2fb044efeb07308ce14b58859479d16?s=96&d=mm&r=g","contentUrl":"https:\/\/secure.gravatar.com\/avatar\/5ba768f4c1f2dc029882cc058466e728a2fb044efeb07308ce14b58859479d16?s=96&d=mm&r=g","caption":"clarapirezcurell@gmail.com"},"url":"#"}]}},"_links":{"self":[{"href":"https:\/\/curell.com\/ca\/wp-json\/wp\/v2\/posts\/5683","targetHints":{"allow":["GET"]}}],"collection":[{"href":"https:\/\/curell.com\/ca\/wp-json\/wp\/v2\/posts"}],"about":[{"href":"https:\/\/curell.com\/ca\/wp-json\/wp\/v2\/types\/post"}],"author":[{"embeddable":true,"href":"https:\/\/curell.com\/ca\/wp-json\/wp\/v2\/users\/3"}],"replies":[{"embeddable":true,"href":"https:\/\/curell.com\/ca\/wp-json\/wp\/v2\/comments?post=5683"}],"version-history":[{"count":3,"href":"https:\/\/curell.com\/ca\/wp-json\/wp\/v2\/posts\/5683\/revisions"}],"predecessor-version":[{"id":5689,"href":"https:\/\/curell.com\/ca\/wp-json\/wp\/v2\/posts\/5683\/revisions\/5689"}],"wp:featuredmedia":[{"embeddable":true,"href":"https:\/\/curell.com\/ca\/wp-json\/wp\/v2\/media\/5680"}],"wp:attachment":[{"href":"https:\/\/curell.com\/ca\/wp-json\/wp\/v2\/media?parent=5683"}],"wp:term":[{"taxonomy":"category","embeddable":true,"href":"https:\/\/curell.com\/ca\/wp-json\/wp\/v2\/categories?post=5683"},{"taxonomy":"post_tag","embeddable":true,"href":"https:\/\/curell.com\/ca\/wp-json\/wp\/v2\/tags?post=5683"}],"curies":[{"name":"wp","href":"https:\/\/api.w.org\/{rel}","templated":true}]}}