{"id":5988,"date":"2023-02-01T09:24:44","date_gmt":"2023-02-01T09:24:44","guid":{"rendered":"https:\/\/curell.com\/?p=5988"},"modified":"2023-02-01T09:25:38","modified_gmt":"2023-02-01T09:25:38","slug":"premis-designeuropa-2023","status":"publish","type":"post","link":"https:\/\/curell.com\/ca\/premis-designeuropa-2023\/","title":{"rendered":"Premis DesignEuropa 2023"},"content":{"rendered":"<p><span style=\"font-weight: 400;\">L&#8217;Oficina de Propietat Intel\u00b7lectual de la Uni\u00f3 Europea (EUIPO, Alacant) celebra enguany els premis biennals DesignEuropa.<\/span><\/p>\n<p><span style=\"font-weight: 400;\">Els premis DesignEuropa estan destinats a donar a con\u00e8ixer el sistema de protecci\u00f3 de dibuixos i models a la Uni\u00f3 Europea, aix\u00ed com promoure el disseny com un valu\u00f3s dret de propietat industrial que sustenta l&#8217;economia i afavoreix l&#8217;ocupaci\u00f3.<\/span><\/p>\n<p><span style=\"font-weight: 400;\">Fins al 10 de mar\u00e7 de 2023, s&#8217;accepten les candidatures de qualsevol persona f\u00edsica o jur\u00eddica que sigui titular d&#8217;un disseny o model comunitari registrat, en vigor i que es comercialitzi en qualsevol pa\u00eds.<\/span><span style=\"font-weight: 400;\">\u00a0<\/span><\/p>\n<p><span style=\"font-weight: 400;\">Els premis DesignEuropa es divideixen en tres categories: \u201cPremi Industrial\u201d, \u201cPremi a empreses petites i emergents\u201d i \u201cPremi a la traject\u00f2ria professional\u201d.\u00a0<\/span><\/p>\n<p><span style=\"font-weight: 400;\">El jurat valorar\u00e0 el valor est\u00e8tic i l&#8217;atractiu visual, impacte demostrable en el mercat, una comercialitzaci\u00f3 i gesti\u00f3 adequada del disseny o model i altres drets de Propietat Industrial i Intel\u00b7lectual.\u00a0<\/span><\/p>\n<p><span style=\"font-weight: 400;\">Els premiats seran anunciats en una cerim\u00f2nia que tindr\u00e0 lloc a Berl\u00edn (Alemanya) el setembre de 2023.<\/span><\/p>\n<p><span style=\"font-weight: 400;\">Els finalistes i guanyadors apareixeran a la web de l\u2019EUIPO, circulars, xarxes socials i altres suports multim\u00e8dia d\u2019aquesta oficina que difonen informaci\u00f3 sobre els premis DesignEuropa. La informaci\u00f3 sobre la companyia, el dissenyador i els dissenys seleccionats tamb\u00e9 s&#8217;inclour\u00e0 en els dossiers de premsa per a la premsa especialitzada i els mitjans de comunicaci\u00f3, i podr\u00e0 utilitzar-se per a altres activitats promocionals organitzades per l\u2019EUIPO.<\/span><\/p>\n<p><span style=\"font-weight: 400;\">Si us animeu a participar i voleu saber-ne m\u00e9s, podeu obtenir m\u00e9s informaci\u00f3 seguint aquest enlla\u00e7:<\/span><\/p>\n<p><a href=\"https:\/\/euipo.europa.eu\/ohimportal\/es\/web\/guest\/dea-home\"><span style=\"font-weight: 400;\">https:\/\/euipo.europa.eu\/ohimportal\/es\/web\/guest\/dea-home<\/span><\/a><\/p>\n<p>Photo by Swati B on Unsplash.com<\/p>\n","protected":false},"excerpt":{"rendered":"<p>L&#8217;Oficina de Propietat Intel\u00b7lectual de la Uni\u00f3 Europea (EUIPO, Alacant) celebra enguany els premis biennals DesignEuropa. Els premis DesignEuropa estan destinats a donar a con\u00e8ixer el sistema de protecci\u00f3 de dibuixos i models a la Uni\u00f3 Europea, aix\u00ed com promoure el disseny com un valu\u00f3s&#8230;<\/p>\n","protected":false},"author":3,"featured_media":5994,"comment_status":"open","ping_status":"open","sticky":false,"template":"","format":"standard","meta":{"footnotes":""},"categories":[57,58],"tags":[],"class_list":["post-5988","post","type-post","status-publish","format-standard","has-post-thumbnail","hentry","category-actualitat","category-articles-ca"],"yoast_head":"<!-- This site is optimized with the Yoast SEO plugin v27.1.1 - https:\/\/yoast.com\/product\/yoast-seo-wordpress\/ -->\n<title>Premis DesignEuropa 2023 | Curell Su\u00f1ol<\/title>\n<meta name=\"robots\" content=\"index, follow, max-snippet:-1, max-image-preview:large, max-video-preview:-1\" \/>\n<link rel=\"canonical\" href=\"https:\/\/curell.com\/ca\/premis-designeuropa-2023\/\" \/>\n<meta property=\"og:locale\" content=\"ca_ES\" \/>\n<meta property=\"og:type\" content=\"article\" \/>\n<meta property=\"og:title\" content=\"Premis DesignEuropa 2023 | Curell Su\u00f1ol\" \/>\n<meta property=\"og:description\" content=\"L&#8217;Oficina de Propietat Intel\u00b7lectual de la Uni\u00f3 Europea (EUIPO, Alacant) celebra enguany els premis biennals DesignEuropa. Els premis DesignEuropa estan destinats a donar a con\u00e8ixer el sistema de protecci\u00f3 de dibuixos i models a la Uni\u00f3 Europea, aix\u00ed com promoure el disseny com un valu\u00f3s...\" \/>\n<meta property=\"og:url\" content=\"https:\/\/curell.com\/ca\/premis-designeuropa-2023\/\" \/>\n<meta property=\"og:site_name\" content=\"Curell Su\u00f1ol\" \/>\n<meta property=\"article:published_time\" content=\"2023-02-01T09:24:44+00:00\" \/>\n<meta property=\"article:modified_time\" content=\"2023-02-01T09:25:38+00:00\" \/>\n<meta property=\"og:image\" content=\"https:\/\/curell.com\/wp-content\/uploads\/2023\/02\/design-europa-alicante.png\" \/>\n\t<meta property=\"og:image:width\" content=\"1200\" \/>\n\t<meta property=\"og:image:height\" content=\"628\" \/>\n\t<meta property=\"og:image:type\" content=\"image\/png\" \/>\n<meta name=\"author\" content=\"clarapirezcurell@gmail.com\" \/>\n<meta name=\"twitter:card\" content=\"summary_large_image\" \/>\n<meta name=\"twitter:label1\" content=\"Escrit per\" \/>\n\t<meta name=\"twitter:data1\" content=\"clarapirezcurell@gmail.com\" \/>\n\t<meta name=\"twitter:label2\" content=\"Temps estimat de lectura\" \/>\n\t<meta name=\"twitter:data2\" content=\"2 minuts\" \/>\n<script type=\"application\/ld+json\" class=\"yoast-schema-graph\">{\"@context\":\"https:\/\/schema.org\",\"@graph\":[{\"@type\":\"Article\",\"@id\":\"https:\/\/curell.com\/ca\/premis-designeuropa-2023\/#article\",\"isPartOf\":{\"@id\":\"https:\/\/curell.com\/ca\/premis-designeuropa-2023\/\"},\"author\":{\"name\":\"clarapirezcurell@gmail.com\",\"@id\":\"https:\/\/curell.com\/#\/schema\/person\/1c94ad2a17e2ed17aa5e510ba304ff87\"},\"headline\":\"Premis DesignEuropa 2023\",\"datePublished\":\"2023-02-01T09:24:44+00:00\",\"dateModified\":\"2023-02-01T09:25:38+00:00\",\"mainEntityOfPage\":{\"@id\":\"https:\/\/curell.com\/ca\/premis-designeuropa-2023\/\"},\"wordCount\":272,\"commentCount\":0,\"publisher\":{\"@id\":\"https:\/\/curell.com\/#organization\"},\"image\":{\"@id\":\"https:\/\/curell.com\/ca\/premis-designeuropa-2023\/#primaryimage\"},\"thumbnailUrl\":\"https:\/\/curell.com\/wp-content\/uploads\/2023\/02\/design-europa-alicante.png\",\"articleSection\":[\"Actualitat\",\"Articles\"],\"inLanguage\":\"ca\",\"potentialAction\":[{\"@type\":\"CommentAction\",\"name\":\"Comment\",\"target\":[\"https:\/\/curell.com\/ca\/premis-designeuropa-2023\/#respond\"]}]},{\"@type\":\"WebPage\",\"@id\":\"https:\/\/curell.com\/ca\/premis-designeuropa-2023\/\",\"url\":\"https:\/\/curell.com\/ca\/premis-designeuropa-2023\/\",\"name\":\"Premis DesignEuropa 2023 | Curell Su\u00f1ol\",\"isPartOf\":{\"@id\":\"https:\/\/curell.com\/#website\"},\"primaryImageOfPage\":{\"@id\":\"https:\/\/curell.com\/ca\/premis-designeuropa-2023\/#primaryimage\"},\"image\":{\"@id\":\"https:\/\/curell.com\/ca\/premis-designeuropa-2023\/#primaryimage\"},\"thumbnailUrl\":\"https:\/\/curell.com\/wp-content\/uploads\/2023\/02\/design-europa-alicante.png\",\"datePublished\":\"2023-02-01T09:24:44+00:00\",\"dateModified\":\"2023-02-01T09:25:38+00:00\",\"breadcrumb\":{\"@id\":\"https:\/\/curell.com\/ca\/premis-designeuropa-2023\/#breadcrumb\"},\"inLanguage\":\"ca\",\"potentialAction\":[{\"@type\":\"ReadAction\",\"target\":[\"https:\/\/curell.com\/ca\/premis-designeuropa-2023\/\"]}]},{\"@type\":\"ImageObject\",\"inLanguage\":\"ca\",\"@id\":\"https:\/\/curell.com\/ca\/premis-designeuropa-2023\/#primaryimage\",\"url\":\"https:\/\/curell.com\/wp-content\/uploads\/2023\/02\/design-europa-alicante.png\",\"contentUrl\":\"https:\/\/curell.com\/wp-content\/uploads\/2023\/02\/design-europa-alicante.png\",\"width\":1200,\"height\":628},{\"@type\":\"BreadcrumbList\",\"@id\":\"https:\/\/curell.com\/ca\/premis-designeuropa-2023\/#breadcrumb\",\"itemListElement\":[{\"@type\":\"ListItem\",\"position\":1,\"name\":\"Portada\",\"item\":\"https:\/\/curell.com\/ca\/\"},{\"@type\":\"ListItem\",\"position\":2,\"name\":\"Premis DesignEuropa 2023\"}]},{\"@type\":\"WebSite\",\"@id\":\"https:\/\/curell.com\/#website\",\"url\":\"https:\/\/curell.com\/\",\"name\":\"Curell Su\u00f1ol\",\"description\":\"Patentes, Marcas y Dise\u00f1os desde 1946\",\"publisher\":{\"@id\":\"https:\/\/curell.com\/#organization\"},\"potentialAction\":[{\"@type\":\"SearchAction\",\"target\":{\"@type\":\"EntryPoint\",\"urlTemplate\":\"https:\/\/curell.com\/?s={search_term_string}\"},\"query-input\":{\"@type\":\"PropertyValueSpecification\",\"valueRequired\":true,\"valueName\":\"search_term_string\"}}],\"inLanguage\":\"ca\"},{\"@type\":\"Organization\",\"@id\":\"https:\/\/curell.com\/#organization\",\"name\":\"Curell Su\u00f1ol\",\"url\":\"https:\/\/curell.com\/\",\"logo\":{\"@type\":\"ImageObject\",\"inLanguage\":\"ca\",\"@id\":\"https:\/\/curell.com\/#\/schema\/logo\/image\/\",\"url\":\"https:\/\/curell.com\/wp-content\/uploads\/2022\/10\/curell-3.png\",\"contentUrl\":\"https:\/\/curell.com\/wp-content\/uploads\/2022\/10\/curell-3.png\",\"width\":300,\"height\":70,\"caption\":\"Curell Su\u00f1ol\"},\"image\":{\"@id\":\"https:\/\/curell.com\/#\/schema\/logo\/image\/\"},\"sameAs\":[\"https:\/\/es.linkedin.com\/company\/curell-su-ol\",\"https:\/\/www.instagram.com\/curell.sunol\/\"]},{\"@type\":\"Person\",\"@id\":\"https:\/\/curell.com\/#\/schema\/person\/1c94ad2a17e2ed17aa5e510ba304ff87\",\"name\":\"clarapirezcurell@gmail.com\",\"image\":{\"@type\":\"ImageObject\",\"inLanguage\":\"ca\",\"@id\":\"https:\/\/curell.com\/#\/schema\/person\/image\/\",\"url\":\"https:\/\/secure.gravatar.com\/avatar\/5ba768f4c1f2dc029882cc058466e728a2fb044efeb07308ce14b58859479d16?s=96&d=mm&r=g\",\"contentUrl\":\"https:\/\/secure.gravatar.com\/avatar\/5ba768f4c1f2dc029882cc058466e728a2fb044efeb07308ce14b58859479d16?s=96&d=mm&r=g\",\"caption\":\"clarapirezcurell@gmail.com\"},\"url\":\"#\"}]}<\/script>\n<!-- \/ Yoast SEO plugin. -->","yoast_head_json":{"title":"Premis DesignEuropa 2023 | Curell Su\u00f1ol","robots":{"index":"index","follow":"follow","max-snippet":"max-snippet:-1","max-image-preview":"max-image-preview:large","max-video-preview":"max-video-preview:-1"},"canonical":"https:\/\/curell.com\/ca\/premis-designeuropa-2023\/","og_locale":"ca_ES","og_type":"article","og_title":"Premis DesignEuropa 2023 | Curell Su\u00f1ol","og_description":"L&#8217;Oficina de Propietat Intel\u00b7lectual de la Uni\u00f3 Europea (EUIPO, Alacant) celebra enguany els premis biennals DesignEuropa. Els premis DesignEuropa estan destinats a donar a con\u00e8ixer el sistema de protecci\u00f3 de dibuixos i models a la Uni\u00f3 Europea, aix\u00ed com promoure el disseny com un valu\u00f3s...","og_url":"https:\/\/curell.com\/ca\/premis-designeuropa-2023\/","og_site_name":"Curell Su\u00f1ol","article_published_time":"2023-02-01T09:24:44+00:00","article_modified_time":"2023-02-01T09:25:38+00:00","og_image":[{"width":1200,"height":628,"url":"https:\/\/curell.com\/wp-content\/uploads\/2023\/02\/design-europa-alicante.png","type":"image\/png"}],"author":"clarapirezcurell@gmail.com","twitter_card":"summary_large_image","twitter_misc":{"Escrit per":"clarapirezcurell@gmail.com","Temps estimat de lectura":"2 minuts"},"schema":{"@context":"https:\/\/schema.org","@graph":[{"@type":"Article","@id":"https:\/\/curell.com\/ca\/premis-designeuropa-2023\/#article","isPartOf":{"@id":"https:\/\/curell.com\/ca\/premis-designeuropa-2023\/"},"author":{"name":"clarapirezcurell@gmail.com","@id":"https:\/\/curell.com\/#\/schema\/person\/1c94ad2a17e2ed17aa5e510ba304ff87"},"headline":"Premis DesignEuropa 2023","datePublished":"2023-02-01T09:24:44+00:00","dateModified":"2023-02-01T09:25:38+00:00","mainEntityOfPage":{"@id":"https:\/\/curell.com\/ca\/premis-designeuropa-2023\/"},"wordCount":272,"commentCount":0,"publisher":{"@id":"https:\/\/curell.com\/#organization"},"image":{"@id":"https:\/\/curell.com\/ca\/premis-designeuropa-2023\/#primaryimage"},"thumbnailUrl":"https:\/\/curell.com\/wp-content\/uploads\/2023\/02\/design-europa-alicante.png","articleSection":["Actualitat","Articles"],"inLanguage":"ca","potentialAction":[{"@type":"CommentAction","name":"Comment","target":["https:\/\/curell.com\/ca\/premis-designeuropa-2023\/#respond"]}]},{"@type":"WebPage","@id":"https:\/\/curell.com\/ca\/premis-designeuropa-2023\/","url":"https:\/\/curell.com\/ca\/premis-designeuropa-2023\/","name":"Premis DesignEuropa 2023 | Curell Su\u00f1ol","isPartOf":{"@id":"https:\/\/curell.com\/#website"},"primaryImageOfPage":{"@id":"https:\/\/curell.com\/ca\/premis-designeuropa-2023\/#primaryimage"},"image":{"@id":"https:\/\/curell.com\/ca\/premis-designeuropa-2023\/#primaryimage"},"thumbnailUrl":"https:\/\/curell.com\/wp-content\/uploads\/2023\/02\/design-europa-alicante.png","datePublished":"2023-02-01T09:24:44+00:00","dateModified":"2023-02-01T09:25:38+00:00","breadcrumb":{"@id":"https:\/\/curell.com\/ca\/premis-designeuropa-2023\/#breadcrumb"},"inLanguage":"ca","potentialAction":[{"@type":"ReadAction","target":["https:\/\/curell.com\/ca\/premis-designeuropa-2023\/"]}]},{"@type":"ImageObject","inLanguage":"ca","@id":"https:\/\/curell.com\/ca\/premis-designeuropa-2023\/#primaryimage","url":"https:\/\/curell.com\/wp-content\/uploads\/2023\/02\/design-europa-alicante.png","contentUrl":"https:\/\/curell.com\/wp-content\/uploads\/2023\/02\/design-europa-alicante.png","width":1200,"height":628},{"@type":"BreadcrumbList","@id":"https:\/\/curell.com\/ca\/premis-designeuropa-2023\/#breadcrumb","itemListElement":[{"@type":"ListItem","position":1,"name":"Portada","item":"https:\/\/curell.com\/ca\/"},{"@type":"ListItem","position":2,"name":"Premis DesignEuropa 2023"}]},{"@type":"WebSite","@id":"https:\/\/curell.com\/#website","url":"https:\/\/curell.com\/","name":"Curell Su\u00f1ol","description":"Patentes, Marcas y Dise\u00f1os desde 1946","publisher":{"@id":"https:\/\/curell.com\/#organization"},"potentialAction":[{"@type":"SearchAction","target":{"@type":"EntryPoint","urlTemplate":"https:\/\/curell.com\/?s={search_term_string}"},"query-input":{"@type":"PropertyValueSpecification","valueRequired":true,"valueName":"search_term_string"}}],"inLanguage":"ca"},{"@type":"Organization","@id":"https:\/\/curell.com\/#organization","name":"Curell Su\u00f1ol","url":"https:\/\/curell.com\/","logo":{"@type":"ImageObject","inLanguage":"ca","@id":"https:\/\/curell.com\/#\/schema\/logo\/image\/","url":"https:\/\/curell.com\/wp-content\/uploads\/2022\/10\/curell-3.png","contentUrl":"https:\/\/curell.com\/wp-content\/uploads\/2022\/10\/curell-3.png","width":300,"height":70,"caption":"Curell Su\u00f1ol"},"image":{"@id":"https:\/\/curell.com\/#\/schema\/logo\/image\/"},"sameAs":["https:\/\/es.linkedin.com\/company\/curell-su-ol","https:\/\/www.instagram.com\/curell.sunol\/"]},{"@type":"Person","@id":"https:\/\/curell.com\/#\/schema\/person\/1c94ad2a17e2ed17aa5e510ba304ff87","name":"clarapirezcurell@gmail.com","image":{"@type":"ImageObject","inLanguage":"ca","@id":"https:\/\/curell.com\/#\/schema\/person\/image\/","url":"https:\/\/secure.gravatar.com\/avatar\/5ba768f4c1f2dc029882cc058466e728a2fb044efeb07308ce14b58859479d16?s=96&d=mm&r=g","contentUrl":"https:\/\/secure.gravatar.com\/avatar\/5ba768f4c1f2dc029882cc058466e728a2fb044efeb07308ce14b58859479d16?s=96&d=mm&r=g","caption":"clarapirezcurell@gmail.com"},"url":"#"}]}},"_links":{"self":[{"href":"https:\/\/curell.com\/ca\/wp-json\/wp\/v2\/posts\/5988","targetHints":{"allow":["GET"]}}],"collection":[{"href":"https:\/\/curell.com\/ca\/wp-json\/wp\/v2\/posts"}],"about":[{"href":"https:\/\/curell.com\/ca\/wp-json\/wp\/v2\/types\/post"}],"author":[{"embeddable":true,"href":"https:\/\/curell.com\/ca\/wp-json\/wp\/v2\/users\/3"}],"replies":[{"embeddable":true,"href":"https:\/\/curell.com\/ca\/wp-json\/wp\/v2\/comments?post=5988"}],"version-history":[{"count":3,"href":"https:\/\/curell.com\/ca\/wp-json\/wp\/v2\/posts\/5988\/revisions"}],"predecessor-version":[{"id":5997,"href":"https:\/\/curell.com\/ca\/wp-json\/wp\/v2\/posts\/5988\/revisions\/5997"}],"wp:featuredmedia":[{"embeddable":true,"href":"https:\/\/curell.com\/ca\/wp-json\/wp\/v2\/media\/5994"}],"wp:attachment":[{"href":"https:\/\/curell.com\/ca\/wp-json\/wp\/v2\/media?parent=5988"}],"wp:term":[{"taxonomy":"category","embeddable":true,"href":"https:\/\/curell.com\/ca\/wp-json\/wp\/v2\/categories?post=5988"},{"taxonomy":"post_tag","embeddable":true,"href":"https:\/\/curell.com\/ca\/wp-json\/wp\/v2\/tags?post=5988"}],"curies":[{"name":"wp","href":"https:\/\/api.w.org\/{rel}","templated":true}]}}