{"id":6525,"date":"2023-03-29T08:02:44","date_gmt":"2023-03-29T08:02:44","guid":{"rendered":"https:\/\/curell.com\/?p=6525"},"modified":"2023-03-30T11:38:03","modified_gmt":"2023-03-30T11:38:03","slug":"es-tecnic-el-disseny","status":"publish","type":"post","link":"https:\/\/curell.com\/ca\/es-tecnic-el-disseny\/","title":{"rendered":"\u00c9s t\u00e8cnic el disseny?"},"content":{"rendered":"<div id=\"ez-toc-container\" class=\"ez-toc-v2_0_81 counter-hierarchy ez-toc-counter ez-toc-custom ez-toc-container-direction\">\n<div class=\"ez-toc-title-container\">\n<p class=\"ez-toc-title\" style=\"cursor:inherit\">Contenidos<\/p>\n<span class=\"ez-toc-title-toggle\"><a href=\"#\" class=\"ez-toc-pull-right ez-toc-btn ez-toc-btn-xs ez-toc-btn-default ez-toc-toggle\" aria-label=\"Toggle Table of Content\"><span class=\"ez-toc-js-icon-con\"><span class=\"\"><span class=\"eztoc-hide\" style=\"display:none;\">Toggle<\/span><span class=\"ez-toc-icon-toggle-span\"><svg style=\"fill: #051a3f;color:#051a3f\" xmlns=\"http:\/\/www.w3.org\/2000\/svg\" class=\"list-377408\" width=\"20px\" height=\"20px\" viewBox=\"0 0 24 24\" fill=\"none\"><path d=\"M6 6H4v2h2V6zm14 0H8v2h12V6zM4 11h2v2H4v-2zm16 0H8v2h12v-2zM4 16h2v2H4v-2zm16 0H8v2h12v-2z\" fill=\"currentColor\"><\/path><\/svg><svg style=\"fill: #051a3f;color:#051a3f\" class=\"arrow-unsorted-368013\" xmlns=\"http:\/\/www.w3.org\/2000\/svg\" width=\"10px\" height=\"10px\" viewBox=\"0 0 24 24\" version=\"1.2\" baseProfile=\"tiny\"><path d=\"M18.2 9.3l-6.2-6.3-6.2 6.3c-.2.2-.3.4-.3.7s.1.5.3.7c.2.2.4.3.7.3h11c.3 0 .5-.1.7-.3.2-.2.3-.5.3-.7s-.1-.5-.3-.7zM5.8 14.7l6.2 6.3 6.2-6.3c.2-.2.3-.5.3-.7s-.1-.5-.3-.7c-.2-.2-.4-.3-.7-.3h-11c-.3 0-.5.1-.7.3-.2.2-.3.5-.3.7s.1.5.3.7z\"\/><\/svg><\/span><\/span><\/span><\/a><\/span><\/div>\n<nav><ul class='ez-toc-list ez-toc-list-level-1 eztoc-toggle-hide-by-default' ><li class='ez-toc-page-1 ez-toc-heading-level-3'><a class=\"ez-toc-link ez-toc-heading-1\" href=\"https:\/\/curell.com\/ca\/es-tecnic-el-disseny\/#Nova_sentencia\" >Nova sent\u00e8ncia<\/a><\/li><li class='ez-toc-page-1 ez-toc-heading-level-3'><a class=\"ez-toc-link ez-toc-heading-2\" href=\"https:\/\/curell.com\/ca\/es-tecnic-el-disseny\/#Antecedent_la_sentencia_%E2%80%9CDOCERAM%E2%80%9D_C-39516_del_TJUE_del_8_de_marc_de_2018\" >Antecedent: la sent\u00e8ncia \u201cDOCERAM\u201d C-395\/16 del TJUE del 8 de mar\u00e7 de 2018\u00a0<\/a><\/li><li class='ez-toc-page-1 ez-toc-heading-level-3'><a class=\"ez-toc-link ez-toc-heading-3\" href=\"https:\/\/curell.com\/ca\/es-tecnic-el-disseny\/#La_sentencia_C-68421_del_TJUE_del_2_de_marc_de_2023\" >La sent\u00e8ncia C-684\/21 del TJUE del 2 de mar\u00e7 de 2023\u00a0<\/a><\/li><\/ul><\/nav><\/div>\n<h3><span class=\"ez-toc-section\" id=\"Nova_sentencia\"><\/span><em>Nova sent\u00e8ncia<\/em><span class=\"ez-toc-section-end\"><\/span><\/h3>\n<p><span style=\"font-weight: 400;\">El Tribunal de Just\u00edcia de la Uni\u00f3 Europea (TJUE) ha dictat recentment una nova sent\u00e8ncia (C-684\/21; 02\/03\/2023) sobre la q\u00fcesti\u00f3 de<\/span><b> com determinar si una caracter\u00edstica d\u2019aparen\u00e7a, en un disseny registrat, est\u00e0 dictada exclusivament per la seva funci\u00f3 t\u00e8cnica.<\/b><\/p>\n<p><span style=\"font-weight: 400;\">Aquesta \u00e9s una q\u00fcesti\u00f3 important que afecta la validesa dels dissenys registrats a Europa. En efecte, d\u2019acord amb l\u2019article 8(1) del CDR (Reglament n\u00fam. 6\/2022 sobre els Dibuixos i Models Comunitaris), un disseny registrat no pot ser reconegut en una caracter\u00edstica d\u2019aparen\u00e7a (normalment, una forma) dictada exclusivament per la seva funci\u00f3 t\u00e8cnica.\u00a0<\/span><\/p>\n<p><span style=\"font-weight: 400;\">No sempre \u00e9s f\u00e0cil determinar el car\u00e0cter exclusivament t\u00e8cnic d\u2019una forma. En molts casos, quan el dissenyador d\u2019un producte escull una forma, t\u00e9 en compte la impressi\u00f3 visual, a m\u00e9s de la seva funci\u00f3 t\u00e8cnica.<\/span><\/p>\n<h3><span class=\"ez-toc-section\" id=\"Antecedent_la_sentencia_%E2%80%9CDOCERAM%E2%80%9D_C-39516_del_TJUE_del_8_de_marc_de_2018\"><\/span><b><i>Antecedent: la sent\u00e8ncia \u201cDOCERAM\u201d C-395\/16 del TJUE del 8 de mar\u00e7 de 2018\u00a0<\/i><\/b><span class=\"ez-toc-section-end\"><\/span><\/h3>\n<p><span style=\"font-weight: 400;\">A la seva important sent\u00e8ncia anterior \u201cDOCERAM\u201d (C-395\/16; 08\/02\/2018), el TJUE va establir que, per a determinar si una caracter\u00edstica d\u2019aparen\u00e7a est\u00e0 dictada exclusivament per la seva funci\u00f3 t\u00e8cnica, \u00e9s necessari demostrar que la funci\u00f3 t\u00e8cnica \u00e9s l\u2019\u00fanic factor que determina l\u2019elecci\u00f3 de la caracter\u00edstica. Per a aix\u00f2, \u00e9s irrellevant l\u2019exist\u00e8ncia de dissenys alternatius que realitzin la mateixa funci\u00f3.<\/span><\/p>\n<p><span style=\"font-weight: 400;\">El TJUE va justificar aquest darrer principi (irrellev\u00e0ncia dels dissenys alternatius) com una forma d\u2019impedir que un operador econ\u00f2mic pugui registrar com a disseny totes les variants de forma concebibles per a realitzar una mateixa funci\u00f3 t\u00e8cnica, amb la qual cosa es beneficiaria d\u2019una protecci\u00f3 exclusiva que, a la pr\u00e0ctica, seria equivalent a la conferida per una patent, sense veure\u2019s sotm\u00e8s als requisits aplicables per a l\u2019obtenci\u00f3 d\u2019aquesta \u00faltima.<\/span><\/p>\n<p><span style=\"font-weight: 400;\">No obstant, a la mateixa sent\u00e8ncia \u201cDOCERAM\u201d el TJUE matisava que l\u2019exist\u00e8ncia de dissenys alternatius, sense ser determinant, pot ser tinguda en compte. M\u00e9s concretament, l\u2019apreciaci\u00f3 s\u2019ha de dur a terme tenint en compte, en particular, el disseny concernit, les circumst\u00e0ncies objectives que mostren els motius que van presidir l\u2019elecci\u00f3 de les caracter\u00edstiques de l\u2019aparen\u00e7a del producte en q\u00fcesti\u00f3, les dades relatives a la seva utilitzaci\u00f3 o fins i tot l\u2019exist\u00e8ncia de dissenys alternatius que permetin realitzar la mateixa funci\u00f3 t\u00e8cnica, sempre que aquestes circumst\u00e0ncies, aquestes dades o aquella exist\u00e8ncia es sustentin en proves fiables.<\/span><\/p>\n<p><span style=\"font-weight: 400;\">En el cas de la sent\u00e8ncia \u201cDOCERAM\u201d, els dissenys comunitaris registrats n\u00fam. 000242730-0001 &#8211; 0014 es referien a uns perns de centrat per a la fabricaci\u00f3 de components de cer\u00e0mica, amb diferents formes i mides:<\/span><\/p>\n<p><img loading=\"lazy\" decoding=\"async\" class=\"size-full wp-image-6520 aligncenter\" src=\"https:\/\/curell.com\/wp-content\/uploads\/2023\/03\/Captura-de-Pantalla-2023-03-30-a-les-10.59.58.png\" alt=\"\" width=\"180\" height=\"218\" \/><\/p>\n<p><span style=\"font-weight: 400;\">Aquests dissenys registrats van ser invalidats, perqu\u00e8 es va considerar que totes les caracter\u00edstiques de forma del producte estaven dictades exclusivament per la seva funci\u00f3 t\u00e8cnica.\u00a0<\/span><\/p>\n<h3><span class=\"ez-toc-section\" id=\"La_sentencia_C-68421_del_TJUE_del_2_de_marc_de_2023\"><\/span><b><i>La sent\u00e8ncia C-684\/21 del TJUE del 2 de mar\u00e7 de 2023\u00a0<\/i><\/b><span class=\"ez-toc-section-end\"><\/span><\/h3>\n<p><span style=\"font-weight: 400;\">En el cas analitzat per aquesta sent\u00e8ncia, el disseny registrat n\u00fam. 001344022-0006 es refereix a un dispensador de paper d\u2019embalatge:<\/span><\/p>\n<p><span style=\"font-weight: 400;\"><img loading=\"lazy\" decoding=\"async\" class=\"size-full wp-image-6517 aligncenter\" src=\"https:\/\/curell.com\/wp-content\/uploads\/2023\/03\/Captura-de-Pantalla-2023-03-30-a-les-11.00.08.png\" alt=\"\" width=\"240\" height=\"266\" \/><\/span><\/p>\n<p><span style=\"font-weight: 400;\">El TJUE repr\u00e8n els principis generals que ja va fixar en la seva important sent\u00e8ncia anterior \u201cDOCERAM\u201d de 2018, en particular el principi segons el qual l&#8217;exist\u00e8ncia de dissenys alternatius no \u00e9s determinant per a concloure que una caracter\u00edstica d&#8217;aparen\u00e7a no est\u00e0 dictada \u00fanicament per la seva funci\u00f3 t\u00e8cnica. A m\u00e9s, el Tribunal precisa que no \u00e9s determinant el fet que el titular del disseny registrat sigui tamb\u00e9 titular de registres per a un gran nombre de dissenys alternatius que permetin realitzar la mateixa funci\u00f3 t\u00e8cnica.<\/span><\/p>\n<p><span style=\"font-weight: 400;\">Al mateix temps, el TJUE referma que \u00e9s necessari realitzar una valoraci\u00f3 global, tenint en compte els m\u00faltiples factors rellevants en cada cas. M\u00e9s concretament, el TJUE estableix que l&#8217;apreciaci\u00f3 ha de realitzar-se tenint en compte totes les circumst\u00e0ncies objectives pertinents del cas concret, en particular aquelles que regeixen l&#8217;elecci\u00f3 de les caracter\u00edstiques d&#8217;aparen\u00e7a en q\u00fcesti\u00f3, l&#8217;exist\u00e8ncia de dissenys alternatius que permetin realitzar la funci\u00f3 t\u00e8cnica i el fet que el titular del disseny registrat en q\u00fcesti\u00f3 sigui titular d&#8217;un gran nombre de dissenys alternatius registrats, sense que aix\u00f2 \u00faltim sigui determinant.<\/span><\/p>\n<p><span style=\"font-weight: 400;\">D&#8217;altra banda, el TJUE tamb\u00e9 es pronuncia sobre la q\u00fcesti\u00f3 de si ha de tenir-se en compte una possible policromia del producte, quan el disseny registrat no mostra aquesta policromia. La q\u00fcesti\u00f3 es va plantejar perqu\u00e8 el titular del disseny registrat havia al\u00b7legat que el dispensador de paper est\u00e0 realitzat en dues peces que es poden acoblar entre s\u00ed per a permetre f\u00e0cilment fabricar el producte amb una gran varietat de combinacions de colors, la qual cosa indica que el dissenyador va tenir en compte la impressi\u00f3 visual del producte i no nom\u00e9s la seva funci\u00f3 t\u00e8cnica. El TJUE considera que, a l&#8217;efecte d&#8217;examinar si l&#8217;aparen\u00e7a d&#8217;un producte est\u00e0 dictada exclusivament per la funci\u00f3 t\u00e8cnica, el fet que el disseny del producte admeti una policromia no pot tenir-se en compte quan aquesta no es desprengui del disseny registrat. En efecte, en aquest cas el disseny registrat (RCD n\u00fam. 001344022-0006) nom\u00e9s cont\u00e9 dibuixos lineals en blanc i negre.<\/span><\/p>\n<p><b><i>Comentaris<\/i><\/b><\/p>\n<p><span style=\"font-weight: 400;\">El disseny industrial, per la seva pr\u00f2pia naturalesa, sol combinar utilitat i aparen\u00e7a. Per aix\u00f2, en general \u00e9s possible identificar una funci\u00f3 t\u00e8cnica en la majoria de productes de disseny.\u00a0<\/span><\/p>\n<p><span style=\"font-weight: 400;\">A la vista de les sent\u00e8ncies del TJUE comentades anteriorment, pot semblar dif\u00edcil defensar la validesa d&#8217;un disseny registrat a Europa quan la seva forma estigui relacionada amb una funci\u00f3 t\u00e8cnica. D&#8217;acord amb els principis establerts per aquestes sent\u00e8ncies, \u00e9s necessari demostrar que el dissenyador ha tingut en compte altres consideracions a m\u00e9s de la funci\u00f3 t\u00e8cnica, en particular consideracions relacionades amb la impressi\u00f3 visual del producte, i no \u00e9s suficient al\u00b7legar l&#8217;exist\u00e8ncia de formes alternatives que realitzin la mateixa funci\u00f3 t\u00e8cnica, ni la possibilitat de fabricar el producte amb acabats que no siguin visibles en les figures del disseny registrat.<\/span><\/p>\n<p><span style=\"font-weight: 400;\">No obstant aix\u00f2, en la pr\u00e0ctica, \u00e9s possible registrar v\u00e0lidament dissenys la forma dels quals estigui relacionada amb una funci\u00f3 t\u00e8cnica.<\/span><\/p>\n<p><span style=\"font-weight: 400;\">En primer lloc, conv\u00e9 recordar que un disseny registrat nom\u00e9s \u00e9s nul \u00edntegrament si totes les seves caracter\u00edstiques d&#8217;aparen\u00e7a estan dictades exclusivament per la seva funci\u00f3 t\u00e8cnica. Encara que una part d&#8217;un producte estigui exclosa del disseny per estar dictada exclusivament per la seva funci\u00f3 t\u00e8cnica, aix\u00f2 no impedeix que altres parts del producte sustentin la novetat i el car\u00e0cter singular necessaris per a la validesa del registre.<\/span><\/p>\n<p><span style=\"font-weight: 400;\">En segon lloc, atribuir una funci\u00f3 t\u00e8cnica a una forma no \u00e9s suficient per a concloure que aquesta forma est\u00e0 dictada exclusivament per la seva funci\u00f3 t\u00e8cnica. \u00c9s necessari valorar si, en la concepci\u00f3 del disseny, s&#8217;ha considerat la impressi\u00f3 visual del producte, i aquesta valoraci\u00f3 ha de realitzar-se tenint en compte els m\u00faltiples factors rellevants en cada cas.<\/span><\/p>\n<p><span style=\"font-weight: 400;\">Existeixen diverses decisions recents de les Sales de Recurs de l\u2019EUIPO en les quals la Sala ha rebutjat que la forma del disseny estigui dictada exclusivament per la seva funci\u00f3 t\u00e8cnica.<\/span><\/p>\n<p><b><i>Decisions recents de les Sales de Recurs de l\u2019EUIPO<\/i><\/b><\/p>\n<p><span style=\"font-weight: 400;\">Els dissenys comunitaris registrats mostrats a continuaci\u00f3 han estat objecte de decisions recents de la Sala de Recurs de l\u2019EUIPO, dictades els anys 2022 i 2023. En tots els casos, les Sales de Recurs han rebutjat que la forma del disseny estigui dictada exclusivament per la seva funci\u00f3 t\u00e8cnica.<\/span><b><\/b><\/p>\n<ul>\n<li aria-level=\"1\"><b>RCD-000699194-0004 \u2013 Decisi\u00f3 R 2062\/2019-3 del 03\/02\/2022<\/b><\/li>\n<\/ul>\n<p><span style=\"font-weight: 400;\">El disseny registrat es refereix a un suport que pot servir a la cuina com a planxa per a tallar aliments o com a protector de taula.<\/span><\/p>\n<p><span style=\"font-weight: 400;\"><img loading=\"lazy\" decoding=\"async\" class=\"size-medium wp-image-6514 aligncenter\" src=\"https:\/\/curell.com\/wp-content\/uploads\/2023\/03\/Captura-de-Pantalla-2023-03-30-a-les-11.00.20-300x204.png\" alt=\"\" width=\"300\" height=\"204\" srcset=\"https:\/\/curell.com\/wp-content\/uploads\/2023\/03\/Captura-de-Pantalla-2023-03-30-a-les-11.00.20-300x204.png 300w, https:\/\/curell.com\/wp-content\/uploads\/2023\/03\/Captura-de-Pantalla-2023-03-30-a-les-11.00.20.png 370w\" sizes=\"auto, (max-width: 300px) 100vw, 300px\" \/><\/span><\/p>\n<p><span style=\"font-weight: 400;\">La Sala de Recurs ha considerat que, encara que algunes caracter\u00edstiques del producte poden estar predeterminades per raons t\u00e8cniques, com el di\u00e0metre m\u00ednim de les barres, la dist\u00e0ncia m\u00e0xima entre barres i els elements de connexi\u00f3 en els extrems de les barres, aix\u00f2 no \u00e9s suficient per a invalidar el registre. La Sala considera que \u00e9s possible preparar menjar utilitzant simplement una taula, en lloc del producte al qual es refereix el disseny, i que aquest producte \u00e9s un complement que pot estar en primer pla a la cuina i per aix\u00f2 l&#8217;aparen\u00e7a \u00e9s important en el disseny.<\/span><b><\/b><\/p>\n<ul>\n<li aria-level=\"1\"><b>RCD-002873877-0002 \u2013 Decisi\u00f3 R 0024\/2021-3 del 16\/03\/2022<\/b><\/li>\n<\/ul>\n<p><span style=\"font-weight: 400;\">El disseny registrat es refereix a un lector de targetes:<\/span><\/p>\n<p><img loading=\"lazy\" decoding=\"async\" class=\"size-medium wp-image-6511 aligncenter\" src=\"https:\/\/curell.com\/wp-content\/uploads\/2023\/03\/Captura-de-Pantalla-2023-03-30-a-les-11.00.27-300x150.png\" alt=\"\" width=\"300\" height=\"150\" srcset=\"https:\/\/curell.com\/wp-content\/uploads\/2023\/03\/Captura-de-Pantalla-2023-03-30-a-les-11.00.27-300x150.png 300w, https:\/\/curell.com\/wp-content\/uploads\/2023\/03\/Captura-de-Pantalla-2023-03-30-a-les-11.00.27.png 378w\" sizes=\"auto, (max-width: 300px) 100vw, 300px\" \/><br \/>\n<span style=\"font-weight: 400;\">En aquest cas, la Sala de Recurs rebutja els arguments d&#8217;invalidesa del registre perqu\u00e8 es refereixen \u00fanicament a la funci\u00f3 t\u00e8cnica de la ranura d&#8217;entrada per a targetes, sense considerar les altres caracter\u00edstiques d&#8217;aparen\u00e7a del producte com la forma quadrada, les cantonades arrodonides i la superf\u00edcie llisa.<\/span><b><\/b><\/p>\n<ul>\n<li aria-level=\"1\"><b>RCD-003517234-0095 \u2013 Decisi\u00f3 R 0485\/2021-3 del 28\/09\/2022<\/b><\/li>\n<\/ul>\n<p><span style=\"font-weight: 400;\">El disseny registrat es refereix a un connector destinat a ser inserit parcialment en un orifici en el cantell d&#8217;una placa (per exemple, per a unir elements d&#8217;un moble):<\/span><\/p>\n<p><span style=\"font-weight: 400;\"><img loading=\"lazy\" decoding=\"async\" class=\"size-full wp-image-6508 aligncenter\" src=\"https:\/\/curell.com\/wp-content\/uploads\/2023\/03\/Captura-de-Pantalla-2023-03-30-a-les-11.00.34.png\" alt=\"\" width=\"234\" height=\"191\" \/><\/span><\/p>\n<p><span style=\"font-weight: 400;\">La Sala de Recurs considera que el disseny del connector impugnat no es basa \u00fanicament en consideracions t\u00e8cniques, sin\u00f3 tamb\u00e9 en l&#8217;aparen\u00e7a del cos i de la coberta que \u00e9s visible.<\/span><\/p>\n<p><span style=\"font-weight: 400;\">En aquest cas, la Sala de Recurs pren en consideraci\u00f3 l&#8217;exist\u00e8ncia en el mercat d&#8217;una gran varietat de formes de connectors. Aquesta varietat de formes, sense ser determinant, refor\u00e7a la conclusi\u00f3 que la funci\u00f3 t\u00e8cnica no \u00e9s l&#8217;\u00fanica consideraci\u00f3 que s&#8217;ha tingut en compte en el disseny.<\/span><b><\/b><\/p>\n<ul>\n<li aria-level=\"1\"><b>RCD-002148726-0001 \u2013 Decisi\u00f3 R 0878\/2022-3 del 16\/02\/2023<\/b><\/li>\n<\/ul>\n<p><span style=\"font-weight: 400;\">El disseny registrat es refereix a uns mitjons amb calefacci\u00f3:<\/span><\/p>\n<p><span style=\"font-weight: 400;\"><img loading=\"lazy\" decoding=\"async\" class=\"size-medium wp-image-6505 aligncenter\" src=\"https:\/\/curell.com\/wp-content\/uploads\/2023\/03\/Captura-de-Pantalla-2023-03-30-a-les-11.00.41-194x300.png\" alt=\"\" width=\"194\" height=\"300\" srcset=\"https:\/\/curell.com\/wp-content\/uploads\/2023\/03\/Captura-de-Pantalla-2023-03-30-a-les-11.00.41-194x300.png 194w, https:\/\/curell.com\/wp-content\/uploads\/2023\/03\/Captura-de-Pantalla-2023-03-30-a-les-11.00.41.png 202w\" sizes=\"auto, (max-width: 194px) 100vw, 194px\" \/><\/span><\/p>\n<p><span style=\"font-weight: 400;\">La Sala de Recurs considera que no totes les caracter\u00edstiques d&#8217;aparen\u00e7a estan dictades exclusivament per la seva funci\u00f3 t\u00e8cnica. El disseny en q\u00fcesti\u00f3 forma part d&#8217;un producte (un mitj\u00f3 amb calefacci\u00f3) en el qual ha de suposar-se que tamb\u00e9 juguen un paper les consideracions est\u00e8tiques. El fet que l&#8217;aspecte est\u00e8tic o visual sigui generalment un factor important en el disseny de la roba tamb\u00e9 \u00e9s rellevant. A part de les consideracions t\u00e8cniques, el color, el posicionament i la mida dels diferents elements tamb\u00e9 poden haver jugat un paper en el disseny.<\/span><\/p>\n<p><span style=\"font-weight: 400;\">Cal ressaltar que la Sala de Recurs ha tingut en compte l&#8217;exist\u00e8ncia de sol\u00b7licituds de patent del titular relatives a aspectes t\u00e8cnics del mitj\u00f3 amb calefacci\u00f3, per\u00f2 ha considerat que no \u00e9s determinant per s\u00ed mateixa. Segons la Sala, els documents de patent tenen una finalitat exclusivament t\u00e8cnica i no han de servir per a descartar autom\u00e0ticament la possibilitat que altres consideracions, a m\u00e9s de les t\u00e8cniques, tamb\u00e9 hagin influ\u00eft en la creaci\u00f3 del disseny.<\/span><b><\/b><\/p>\n<ul>\n<li aria-level=\"1\"><b>RCD-000141999-0008 \u2013 Decisi\u00f3 R 2416\/2018-3 del 03\/03\/2023<\/b><\/li>\n<\/ul>\n<p><span style=\"font-weight: 400;\">El disseny registrat es refereix a un rotlle d\u2019etiquetes per a imprimir:<\/span><\/p>\n<p><img loading=\"lazy\" decoding=\"async\" class=\"size-medium wp-image-6502 aligncenter\" src=\"https:\/\/curell.com\/wp-content\/uploads\/2023\/03\/Captura-de-Pantalla-2023-03-30-a-les-11.00.47-300x167.png\" alt=\"\" width=\"300\" height=\"167\" srcset=\"https:\/\/curell.com\/wp-content\/uploads\/2023\/03\/Captura-de-Pantalla-2023-03-30-a-les-11.00.47-300x167.png 300w, https:\/\/curell.com\/wp-content\/uploads\/2023\/03\/Captura-de-Pantalla-2023-03-30-a-les-11.00.47.png 371w\" sizes=\"auto, (max-width: 300px) 100vw, 300px\" \/><span style=\"font-weight: 400;\">La Sala de Recurs considera que el disseny cont\u00e9 una s\u00e8rie de caracter\u00edstiques que van ser triades \u00fanicament per a realitzar la seva funci\u00f3, per\u00f2 tamb\u00e9 cont\u00e9 altres caracter\u00edstiques, com la tira posterior, les etiquetes i els colors, per a les quals no s&#8217;ha provat que fossin seleccionades per a realitzar \u00fanicament una funci\u00f3 t\u00e8cnica.\u00a0<\/span><\/p>\n<p><span style=\"font-weight: 400;\">En aquest cas, la Sala de Recurs tamb\u00e9 t\u00e9 en compte l&#8217;exist\u00e8ncia d&#8217;una varietat de formes alternatives. Aquesta varietat de formes, sense ser determinant, refor\u00e7a la conclusi\u00f3 que la funci\u00f3 t\u00e8cnica no \u00e9s l&#8217;\u00fanica consideraci\u00f3 que s&#8217;ha tingut en compte en el disseny.<\/span><\/p>\n<p><span style=\"font-weight: 400;\">A m\u00e9s, la Sala pren en consideraci\u00f3 una declaraci\u00f3 jurada del dissenyador, de la qual es despr\u00e8n que, per a realitzar el disseny de les etiquetes, va triar unes certes caracter\u00edstiques, com el color de la tira posterior, els costats arrodonits dels orificis, la longitud espec\u00edfica de les marques d&#8217;impressi\u00f3 i el rectangle en els extrems de les marques d&#8217;impressi\u00f3, no sols per la seva funci\u00f3 t\u00e8cnica sin\u00f3 per la necessitat de complir amb unes expectatives d&#8217;aparen\u00e7a visual del producte.<\/span><\/p>\n<p><span style=\"font-weight: 400;\"><strong>Autor<\/strong>:<a href=\"https:\/\/curell.com\/ca\/equipo\/robert-roser-galard\/\"> Robert Roser<\/a>, Doctor Enginyer Industrial, Agent de la Propietat Industrial, Agent de Patents Europees, Agent Europeu de Marques, Dibuixos i Models.<\/span><\/p>\n<p>Photo by \u611a\u6728\u6df7\u682a cdd20 on Unsplash.com<\/p>\n","protected":false},"excerpt":{"rendered":"<p>Nova sent\u00e8ncia El Tribunal de Just\u00edcia de la Uni\u00f3 Europea (TJUE) ha dictat recentment una nova sent\u00e8ncia (C-684\/21; 02\/03\/2023) sobre la q\u00fcesti\u00f3 de com determinar si una caracter\u00edstica d\u2019aparen\u00e7a, en un disseny registrat, est\u00e0 dictada exclusivament per la seva funci\u00f3 t\u00e8cnica. Aquesta \u00e9s una q\u00fcesti\u00f3&#8230;<\/p>\n","protected":false},"author":3,"featured_media":6485,"comment_status":"open","ping_status":"open","sticky":false,"template":"","format":"standard","meta":{"footnotes":""},"categories":[57,58,62,134],"tags":[],"class_list":["post-6525","post","type-post","status-publish","format-standard","has-post-thumbnail","hentry","category-actualitat","category-articles-ca","category-destacades-actualitat","category-dissenys-industrials"],"yoast_head":"<!-- This site is optimized with the Yoast SEO plugin v27.1.1 - https:\/\/yoast.com\/product\/yoast-seo-wordpress\/ -->\n<title>\u00c9s t\u00e8cnic el disseny? | Curell Su\u00f1ol<\/title>\n<meta name=\"robots\" content=\"index, follow, max-snippet:-1, max-image-preview:large, max-video-preview:-1\" \/>\n<link rel=\"canonical\" href=\"https:\/\/curell.com\/ca\/es-tecnic-el-disseny\/\" \/>\n<meta property=\"og:locale\" content=\"ca_ES\" \/>\n<meta property=\"og:type\" content=\"article\" \/>\n<meta property=\"og:title\" content=\"\u00c9s t\u00e8cnic el disseny? | Curell Su\u00f1ol\" \/>\n<meta property=\"og:description\" content=\"Nova sent\u00e8ncia El Tribunal de Just\u00edcia de la Uni\u00f3 Europea (TJUE) ha dictat recentment una nova sent\u00e8ncia (C-684\/21; 02\/03\/2023) sobre la q\u00fcesti\u00f3 de com determinar si una caracter\u00edstica d\u2019aparen\u00e7a, en un disseny registrat, est\u00e0 dictada exclusivament per la seva funci\u00f3 t\u00e8cnica. Aquesta \u00e9s una q\u00fcesti\u00f3...\" \/>\n<meta property=\"og:url\" content=\"https:\/\/curell.com\/ca\/es-tecnic-el-disseny\/\" \/>\n<meta property=\"og:site_name\" content=\"Curell Su\u00f1ol\" \/>\n<meta property=\"article:published_time\" content=\"2023-03-29T08:02:44+00:00\" \/>\n<meta property=\"article:modified_time\" content=\"2023-03-30T11:38:03+00:00\" \/>\n<meta property=\"og:image\" content=\"https:\/\/curell.com\/wp-content\/uploads\/2023\/03\/queesundiseno.png\" \/>\n\t<meta property=\"og:image:width\" content=\"1200\" \/>\n\t<meta property=\"og:image:height\" content=\"628\" \/>\n\t<meta property=\"og:image:type\" content=\"image\/png\" \/>\n<meta name=\"author\" content=\"clarapirezcurell@gmail.com\" \/>\n<meta name=\"twitter:card\" content=\"summary_large_image\" \/>\n<meta name=\"twitter:label1\" content=\"Escrit per\" \/>\n\t<meta name=\"twitter:data1\" content=\"clarapirezcurell@gmail.com\" \/>\n\t<meta name=\"twitter:label2\" content=\"Temps estimat de lectura\" \/>\n\t<meta name=\"twitter:data2\" content=\"10 minuts\" \/>\n<script type=\"application\/ld+json\" class=\"yoast-schema-graph\">{\"@context\":\"https:\/\/schema.org\",\"@graph\":[{\"@type\":\"Article\",\"@id\":\"https:\/\/curell.com\/ca\/es-tecnic-el-disseny\/#article\",\"isPartOf\":{\"@id\":\"https:\/\/curell.com\/ca\/es-tecnic-el-disseny\/\"},\"author\":{\"name\":\"clarapirezcurell@gmail.com\",\"@id\":\"https:\/\/curell.com\/#\/schema\/person\/1c94ad2a17e2ed17aa5e510ba304ff87\"},\"headline\":\"\u00c9s t\u00e8cnic el disseny?\",\"datePublished\":\"2023-03-29T08:02:44+00:00\",\"dateModified\":\"2023-03-30T11:38:03+00:00\",\"mainEntityOfPage\":{\"@id\":\"https:\/\/curell.com\/ca\/es-tecnic-el-disseny\/\"},\"wordCount\":2040,\"commentCount\":0,\"publisher\":{\"@id\":\"https:\/\/curell.com\/#organization\"},\"image\":{\"@id\":\"https:\/\/curell.com\/ca\/es-tecnic-el-disseny\/#primaryimage\"},\"thumbnailUrl\":\"https:\/\/curell.com\/wp-content\/uploads\/2023\/03\/queesundiseno.png\",\"articleSection\":[\"Actualitat\",\"Articles\",\"Destacades Actualitat\",\"Dissenys industrials\"],\"inLanguage\":\"ca\",\"potentialAction\":[{\"@type\":\"CommentAction\",\"name\":\"Comment\",\"target\":[\"https:\/\/curell.com\/ca\/es-tecnic-el-disseny\/#respond\"]}]},{\"@type\":\"WebPage\",\"@id\":\"https:\/\/curell.com\/ca\/es-tecnic-el-disseny\/\",\"url\":\"https:\/\/curell.com\/ca\/es-tecnic-el-disseny\/\",\"name\":\"\u00c9s t\u00e8cnic el disseny? | Curell Su\u00f1ol\",\"isPartOf\":{\"@id\":\"https:\/\/curell.com\/#website\"},\"primaryImageOfPage\":{\"@id\":\"https:\/\/curell.com\/ca\/es-tecnic-el-disseny\/#primaryimage\"},\"image\":{\"@id\":\"https:\/\/curell.com\/ca\/es-tecnic-el-disseny\/#primaryimage\"},\"thumbnailUrl\":\"https:\/\/curell.com\/wp-content\/uploads\/2023\/03\/queesundiseno.png\",\"datePublished\":\"2023-03-29T08:02:44+00:00\",\"dateModified\":\"2023-03-30T11:38:03+00:00\",\"breadcrumb\":{\"@id\":\"https:\/\/curell.com\/ca\/es-tecnic-el-disseny\/#breadcrumb\"},\"inLanguage\":\"ca\",\"potentialAction\":[{\"@type\":\"ReadAction\",\"target\":[\"https:\/\/curell.com\/ca\/es-tecnic-el-disseny\/\"]}]},{\"@type\":\"ImageObject\",\"inLanguage\":\"ca\",\"@id\":\"https:\/\/curell.com\/ca\/es-tecnic-el-disseny\/#primaryimage\",\"url\":\"https:\/\/curell.com\/wp-content\/uploads\/2023\/03\/queesundiseno.png\",\"contentUrl\":\"https:\/\/curell.com\/wp-content\/uploads\/2023\/03\/queesundiseno.png\",\"width\":1200,\"height\":628},{\"@type\":\"BreadcrumbList\",\"@id\":\"https:\/\/curell.com\/ca\/es-tecnic-el-disseny\/#breadcrumb\",\"itemListElement\":[{\"@type\":\"ListItem\",\"position\":1,\"name\":\"Portada\",\"item\":\"https:\/\/curell.com\/ca\/\"},{\"@type\":\"ListItem\",\"position\":2,\"name\":\"\u00c9s t\u00e8cnic el disseny?\"}]},{\"@type\":\"WebSite\",\"@id\":\"https:\/\/curell.com\/#website\",\"url\":\"https:\/\/curell.com\/\",\"name\":\"Curell Su\u00f1ol\",\"description\":\"Patentes, Marcas y Dise\u00f1os desde 1946\",\"publisher\":{\"@id\":\"https:\/\/curell.com\/#organization\"},\"potentialAction\":[{\"@type\":\"SearchAction\",\"target\":{\"@type\":\"EntryPoint\",\"urlTemplate\":\"https:\/\/curell.com\/?s={search_term_string}\"},\"query-input\":{\"@type\":\"PropertyValueSpecification\",\"valueRequired\":true,\"valueName\":\"search_term_string\"}}],\"inLanguage\":\"ca\"},{\"@type\":\"Organization\",\"@id\":\"https:\/\/curell.com\/#organization\",\"name\":\"Curell Su\u00f1ol\",\"url\":\"https:\/\/curell.com\/\",\"logo\":{\"@type\":\"ImageObject\",\"inLanguage\":\"ca\",\"@id\":\"https:\/\/curell.com\/#\/schema\/logo\/image\/\",\"url\":\"https:\/\/curell.com\/wp-content\/uploads\/2022\/10\/curell-3.png\",\"contentUrl\":\"https:\/\/curell.com\/wp-content\/uploads\/2022\/10\/curell-3.png\",\"width\":300,\"height\":70,\"caption\":\"Curell Su\u00f1ol\"},\"image\":{\"@id\":\"https:\/\/curell.com\/#\/schema\/logo\/image\/\"},\"sameAs\":[\"https:\/\/es.linkedin.com\/company\/curell-su-ol\",\"https:\/\/www.instagram.com\/curell.sunol\/\"]},{\"@type\":\"Person\",\"@id\":\"https:\/\/curell.com\/#\/schema\/person\/1c94ad2a17e2ed17aa5e510ba304ff87\",\"name\":\"clarapirezcurell@gmail.com\",\"image\":{\"@type\":\"ImageObject\",\"inLanguage\":\"ca\",\"@id\":\"https:\/\/curell.com\/#\/schema\/person\/image\/\",\"url\":\"https:\/\/secure.gravatar.com\/avatar\/5ba768f4c1f2dc029882cc058466e728a2fb044efeb07308ce14b58859479d16?s=96&d=mm&r=g\",\"contentUrl\":\"https:\/\/secure.gravatar.com\/avatar\/5ba768f4c1f2dc029882cc058466e728a2fb044efeb07308ce14b58859479d16?s=96&d=mm&r=g\",\"caption\":\"clarapirezcurell@gmail.com\"},\"url\":\"#\"}]}<\/script>\n<!-- \/ Yoast SEO plugin. -->","yoast_head_json":{"title":"\u00c9s t\u00e8cnic el disseny? | Curell Su\u00f1ol","robots":{"index":"index","follow":"follow","max-snippet":"max-snippet:-1","max-image-preview":"max-image-preview:large","max-video-preview":"max-video-preview:-1"},"canonical":"https:\/\/curell.com\/ca\/es-tecnic-el-disseny\/","og_locale":"ca_ES","og_type":"article","og_title":"\u00c9s t\u00e8cnic el disseny? | Curell Su\u00f1ol","og_description":"Nova sent\u00e8ncia El Tribunal de Just\u00edcia de la Uni\u00f3 Europea (TJUE) ha dictat recentment una nova sent\u00e8ncia (C-684\/21; 02\/03\/2023) sobre la q\u00fcesti\u00f3 de com determinar si una caracter\u00edstica d\u2019aparen\u00e7a, en un disseny registrat, est\u00e0 dictada exclusivament per la seva funci\u00f3 t\u00e8cnica. Aquesta \u00e9s una q\u00fcesti\u00f3...","og_url":"https:\/\/curell.com\/ca\/es-tecnic-el-disseny\/","og_site_name":"Curell Su\u00f1ol","article_published_time":"2023-03-29T08:02:44+00:00","article_modified_time":"2023-03-30T11:38:03+00:00","og_image":[{"width":1200,"height":628,"url":"https:\/\/curell.com\/wp-content\/uploads\/2023\/03\/queesundiseno.png","type":"image\/png"}],"author":"clarapirezcurell@gmail.com","twitter_card":"summary_large_image","twitter_misc":{"Escrit per":"clarapirezcurell@gmail.com","Temps estimat de lectura":"10 minuts"},"schema":{"@context":"https:\/\/schema.org","@graph":[{"@type":"Article","@id":"https:\/\/curell.com\/ca\/es-tecnic-el-disseny\/#article","isPartOf":{"@id":"https:\/\/curell.com\/ca\/es-tecnic-el-disseny\/"},"author":{"name":"clarapirezcurell@gmail.com","@id":"https:\/\/curell.com\/#\/schema\/person\/1c94ad2a17e2ed17aa5e510ba304ff87"},"headline":"\u00c9s t\u00e8cnic el disseny?","datePublished":"2023-03-29T08:02:44+00:00","dateModified":"2023-03-30T11:38:03+00:00","mainEntityOfPage":{"@id":"https:\/\/curell.com\/ca\/es-tecnic-el-disseny\/"},"wordCount":2040,"commentCount":0,"publisher":{"@id":"https:\/\/curell.com\/#organization"},"image":{"@id":"https:\/\/curell.com\/ca\/es-tecnic-el-disseny\/#primaryimage"},"thumbnailUrl":"https:\/\/curell.com\/wp-content\/uploads\/2023\/03\/queesundiseno.png","articleSection":["Actualitat","Articles","Destacades Actualitat","Dissenys industrials"],"inLanguage":"ca","potentialAction":[{"@type":"CommentAction","name":"Comment","target":["https:\/\/curell.com\/ca\/es-tecnic-el-disseny\/#respond"]}]},{"@type":"WebPage","@id":"https:\/\/curell.com\/ca\/es-tecnic-el-disseny\/","url":"https:\/\/curell.com\/ca\/es-tecnic-el-disseny\/","name":"\u00c9s t\u00e8cnic el disseny? | Curell Su\u00f1ol","isPartOf":{"@id":"https:\/\/curell.com\/#website"},"primaryImageOfPage":{"@id":"https:\/\/curell.com\/ca\/es-tecnic-el-disseny\/#primaryimage"},"image":{"@id":"https:\/\/curell.com\/ca\/es-tecnic-el-disseny\/#primaryimage"},"thumbnailUrl":"https:\/\/curell.com\/wp-content\/uploads\/2023\/03\/queesundiseno.png","datePublished":"2023-03-29T08:02:44+00:00","dateModified":"2023-03-30T11:38:03+00:00","breadcrumb":{"@id":"https:\/\/curell.com\/ca\/es-tecnic-el-disseny\/#breadcrumb"},"inLanguage":"ca","potentialAction":[{"@type":"ReadAction","target":["https:\/\/curell.com\/ca\/es-tecnic-el-disseny\/"]}]},{"@type":"ImageObject","inLanguage":"ca","@id":"https:\/\/curell.com\/ca\/es-tecnic-el-disseny\/#primaryimage","url":"https:\/\/curell.com\/wp-content\/uploads\/2023\/03\/queesundiseno.png","contentUrl":"https:\/\/curell.com\/wp-content\/uploads\/2023\/03\/queesundiseno.png","width":1200,"height":628},{"@type":"BreadcrumbList","@id":"https:\/\/curell.com\/ca\/es-tecnic-el-disseny\/#breadcrumb","itemListElement":[{"@type":"ListItem","position":1,"name":"Portada","item":"https:\/\/curell.com\/ca\/"},{"@type":"ListItem","position":2,"name":"\u00c9s t\u00e8cnic el disseny?"}]},{"@type":"WebSite","@id":"https:\/\/curell.com\/#website","url":"https:\/\/curell.com\/","name":"Curell Su\u00f1ol","description":"Patentes, Marcas y Dise\u00f1os desde 1946","publisher":{"@id":"https:\/\/curell.com\/#organization"},"potentialAction":[{"@type":"SearchAction","target":{"@type":"EntryPoint","urlTemplate":"https:\/\/curell.com\/?s={search_term_string}"},"query-input":{"@type":"PropertyValueSpecification","valueRequired":true,"valueName":"search_term_string"}}],"inLanguage":"ca"},{"@type":"Organization","@id":"https:\/\/curell.com\/#organization","name":"Curell Su\u00f1ol","url":"https:\/\/curell.com\/","logo":{"@type":"ImageObject","inLanguage":"ca","@id":"https:\/\/curell.com\/#\/schema\/logo\/image\/","url":"https:\/\/curell.com\/wp-content\/uploads\/2022\/10\/curell-3.png","contentUrl":"https:\/\/curell.com\/wp-content\/uploads\/2022\/10\/curell-3.png","width":300,"height":70,"caption":"Curell Su\u00f1ol"},"image":{"@id":"https:\/\/curell.com\/#\/schema\/logo\/image\/"},"sameAs":["https:\/\/es.linkedin.com\/company\/curell-su-ol","https:\/\/www.instagram.com\/curell.sunol\/"]},{"@type":"Person","@id":"https:\/\/curell.com\/#\/schema\/person\/1c94ad2a17e2ed17aa5e510ba304ff87","name":"clarapirezcurell@gmail.com","image":{"@type":"ImageObject","inLanguage":"ca","@id":"https:\/\/curell.com\/#\/schema\/person\/image\/","url":"https:\/\/secure.gravatar.com\/avatar\/5ba768f4c1f2dc029882cc058466e728a2fb044efeb07308ce14b58859479d16?s=96&d=mm&r=g","contentUrl":"https:\/\/secure.gravatar.com\/avatar\/5ba768f4c1f2dc029882cc058466e728a2fb044efeb07308ce14b58859479d16?s=96&d=mm&r=g","caption":"clarapirezcurell@gmail.com"},"url":"#"}]}},"_links":{"self":[{"href":"https:\/\/curell.com\/ca\/wp-json\/wp\/v2\/posts\/6525","targetHints":{"allow":["GET"]}}],"collection":[{"href":"https:\/\/curell.com\/ca\/wp-json\/wp\/v2\/posts"}],"about":[{"href":"https:\/\/curell.com\/ca\/wp-json\/wp\/v2\/types\/post"}],"author":[{"embeddable":true,"href":"https:\/\/curell.com\/ca\/wp-json\/wp\/v2\/users\/3"}],"replies":[{"embeddable":true,"href":"https:\/\/curell.com\/ca\/wp-json\/wp\/v2\/comments?post=6525"}],"version-history":[{"count":1,"href":"https:\/\/curell.com\/ca\/wp-json\/wp\/v2\/posts\/6525\/revisions"}],"predecessor-version":[{"id":6526,"href":"https:\/\/curell.com\/ca\/wp-json\/wp\/v2\/posts\/6525\/revisions\/6526"}],"wp:featuredmedia":[{"embeddable":true,"href":"https:\/\/curell.com\/ca\/wp-json\/wp\/v2\/media\/6485"}],"wp:attachment":[{"href":"https:\/\/curell.com\/ca\/wp-json\/wp\/v2\/media?parent=6525"}],"wp:term":[{"taxonomy":"category","embeddable":true,"href":"https:\/\/curell.com\/ca\/wp-json\/wp\/v2\/categories?post=6525"},{"taxonomy":"post_tag","embeddable":true,"href":"https:\/\/curell.com\/ca\/wp-json\/wp\/v2\/tags?post=6525"}],"curies":[{"name":"wp","href":"https:\/\/api.w.org\/{rel}","templated":true}]}}