{"id":7362,"date":"2023-07-10T08:41:04","date_gmt":"2023-07-10T08:41:04","guid":{"rendered":"https:\/\/curell.com\/?p=7362"},"modified":"2023-07-10T08:57:05","modified_gmt":"2023-07-10T08:57:05","slug":"curell-sunol-recomanada-en-tramitacio-i-estrategia-de-patents-per-iam-1000","status":"publish","type":"post","link":"https:\/\/curell.com\/ca\/curell-sunol-recomanada-en-tramitacio-i-estrategia-de-patents-per-iam-1000\/","title":{"rendered":"CURELL SU\u00d1OL, recomanada en Tramitaci\u00f3 i Estrat\u00e8gia de patents per IAM 1000"},"content":{"rendered":"<p>Ens complau anunciar que Curell Su\u00f1ol SLP ha estat recomanada en Tramitaci\u00f3 i Estrat\u00e8gia de patents a l&#8217;edici\u00f3 de 2023 de IAM Patent 1000: The Top Patent Professionals.<\/p>\n<p>Segons la revista:<\/p>\n<p>&#8220;A client-oriented approach forms the backbone of Curell Su\u00f1ol\u2019s service. A long-standing presence on the Spanish market, the boutique is solidly established as a repository of trust for all patent instructions. Head of the patent department <a href=\"https:\/\/curell.com\/ca\/equipo\/santiago-jorda-petersen\/\"><strong>Santiago Jord\u00e1<\/strong><\/a>\u00a0draws on two decades of legal experience and rich industry knowledge to create well-designed patent applications and sees them through to successful grant.\u00a0<a href=\"https:\/\/curell.com\/ca\/equipo\/robert-roser-galard\/\"><strong>Robert Roser<\/strong><\/a>\u00a0enters the IAM Patent 1000 this year on a wave of positive praise: \u201cRobert delivers timely advice of an exceptional quality, especially when it comes to patent infringement and validity. His communication is clear, accurate and relevant. Robert clarifies the issues, sets out the options, and addresses the pros and cons before providing his recommendations. He leaves no stone unturned.\u201d\u00a0<a href=\"https:\/\/curell.com\/ca\/equipo\/nestor-corominas-macias\/\"><strong>Nestor Corominas<\/strong><\/a>\u00a0also makes his first appearance in the guide this year and gardeners commendation alongside Roser: \u201cRobert and Nestor are real patent experts with an eye for business, which allows them to deliver a high-quality work product. They are appreciated for the personal relationships that they build with customers, and admired for the care that they show for others\u201d.<\/p>\n","protected":false},"excerpt":{"rendered":"<p>Ens complau anunciar que Curell Su\u00f1ol SLP ha estat recomanada en Tramitaci\u00f3 i Estrat\u00e8gia de patents a l&#8217;edici\u00f3 de 2023 de IAM Patent 1000: The Top Patent Professionals. Segons la revista: &#8220;A client-oriented approach forms the backbone of Curell Su\u00f1ol\u2019s service. A long-standing presence on&#8230;<\/p>\n","protected":false},"author":3,"featured_media":7357,"comment_status":"closed","ping_status":"open","sticky":false,"template":"","format":"standard","meta":{"footnotes":""},"categories":[57,37,62],"tags":[],"class_list":["post-7362","post","type-post","status-publish","format-standard","has-post-thumbnail","hentry","category-actualitat","category-corporativa","category-destacades-actualitat"],"yoast_head":"<!-- This site is optimized with the Yoast SEO plugin v27.1.1 - https:\/\/yoast.com\/product\/yoast-seo-wordpress\/ -->\n<title>CURELL SU\u00d1OL, recomanada en Tramitaci\u00f3 i Estrat\u00e8gia de patents per IAM 1000 | Curell Su\u00f1ol<\/title>\n<meta name=\"robots\" content=\"index, follow, max-snippet:-1, max-image-preview:large, max-video-preview:-1\" \/>\n<link rel=\"canonical\" href=\"https:\/\/curell.com\/ca\/curell-sunol-recomanada-en-tramitacio-i-estrategia-de-patents-per-iam-1000\/\" \/>\n<meta property=\"og:locale\" content=\"ca_ES\" \/>\n<meta property=\"og:type\" content=\"article\" \/>\n<meta property=\"og:title\" content=\"CURELL SU\u00d1OL, recomanada en Tramitaci\u00f3 i Estrat\u00e8gia de patents per IAM 1000 | Curell Su\u00f1ol\" \/>\n<meta property=\"og:description\" content=\"Ens complau anunciar que Curell Su\u00f1ol SLP ha estat recomanada en Tramitaci\u00f3 i Estrat\u00e8gia de patents a l&#8217;edici\u00f3 de 2023 de IAM Patent 1000: The Top Patent Professionals. Segons la revista: &#8220;A client-oriented approach forms the backbone of Curell Su\u00f1ol\u2019s service. A long-standing presence on...\" \/>\n<meta property=\"og:url\" content=\"https:\/\/curell.com\/ca\/curell-sunol-recomanada-en-tramitacio-i-estrategia-de-patents-per-iam-1000\/\" \/>\n<meta property=\"og:site_name\" content=\"Curell Su\u00f1ol\" \/>\n<meta property=\"article:published_time\" content=\"2023-07-10T08:41:04+00:00\" \/>\n<meta property=\"article:modified_time\" content=\"2023-07-10T08:57:05+00:00\" \/>\n<meta property=\"og:image\" content=\"https:\/\/curell.com\/wp-content\/uploads\/2023\/07\/noticia-iam-1000.png\" \/>\n\t<meta property=\"og:image:width\" content=\"1200\" \/>\n\t<meta property=\"og:image:height\" content=\"628\" \/>\n\t<meta property=\"og:image:type\" content=\"image\/png\" \/>\n<meta name=\"author\" content=\"clarapirezcurell@gmail.com\" \/>\n<meta name=\"twitter:card\" content=\"summary_large_image\" \/>\n<meta name=\"twitter:label1\" content=\"Escrit per\" \/>\n\t<meta name=\"twitter:data1\" content=\"clarapirezcurell@gmail.com\" \/>\n\t<meta name=\"twitter:label2\" content=\"Temps estimat de lectura\" \/>\n\t<meta name=\"twitter:data2\" content=\"1 minut\" \/>\n<script type=\"application\/ld+json\" class=\"yoast-schema-graph\">{\"@context\":\"https:\/\/schema.org\",\"@graph\":[{\"@type\":\"Article\",\"@id\":\"https:\/\/curell.com\/ca\/curell-sunol-recomanada-en-tramitacio-i-estrategia-de-patents-per-iam-1000\/#article\",\"isPartOf\":{\"@id\":\"https:\/\/curell.com\/ca\/curell-sunol-recomanada-en-tramitacio-i-estrategia-de-patents-per-iam-1000\/\"},\"author\":{\"name\":\"clarapirezcurell@gmail.com\",\"@id\":\"https:\/\/curell.com\/#\/schema\/person\/1c94ad2a17e2ed17aa5e510ba304ff87\"},\"headline\":\"CURELL SU\u00d1OL, recomanada en Tramitaci\u00f3 i Estrat\u00e8gia de patents per IAM 1000\",\"datePublished\":\"2023-07-10T08:41:04+00:00\",\"dateModified\":\"2023-07-10T08:57:05+00:00\",\"mainEntityOfPage\":{\"@id\":\"https:\/\/curell.com\/ca\/curell-sunol-recomanada-en-tramitacio-i-estrategia-de-patents-per-iam-1000\/\"},\"wordCount\":228,\"publisher\":{\"@id\":\"https:\/\/curell.com\/#organization\"},\"image\":{\"@id\":\"https:\/\/curell.com\/ca\/curell-sunol-recomanada-en-tramitacio-i-estrategia-de-patents-per-iam-1000\/#primaryimage\"},\"thumbnailUrl\":\"https:\/\/curell.com\/wp-content\/uploads\/2023\/07\/noticia-iam-1000.png\",\"articleSection\":[\"Actualitat\",\"Corporativa\",\"Destacades Actualitat\"],\"inLanguage\":\"ca\"},{\"@type\":\"WebPage\",\"@id\":\"https:\/\/curell.com\/ca\/curell-sunol-recomanada-en-tramitacio-i-estrategia-de-patents-per-iam-1000\/\",\"url\":\"https:\/\/curell.com\/ca\/curell-sunol-recomanada-en-tramitacio-i-estrategia-de-patents-per-iam-1000\/\",\"name\":\"CURELL SU\u00d1OL, recomanada en Tramitaci\u00f3 i Estrat\u00e8gia de patents per IAM 1000 | Curell Su\u00f1ol\",\"isPartOf\":{\"@id\":\"https:\/\/curell.com\/#website\"},\"primaryImageOfPage\":{\"@id\":\"https:\/\/curell.com\/ca\/curell-sunol-recomanada-en-tramitacio-i-estrategia-de-patents-per-iam-1000\/#primaryimage\"},\"image\":{\"@id\":\"https:\/\/curell.com\/ca\/curell-sunol-recomanada-en-tramitacio-i-estrategia-de-patents-per-iam-1000\/#primaryimage\"},\"thumbnailUrl\":\"https:\/\/curell.com\/wp-content\/uploads\/2023\/07\/noticia-iam-1000.png\",\"datePublished\":\"2023-07-10T08:41:04+00:00\",\"dateModified\":\"2023-07-10T08:57:05+00:00\",\"breadcrumb\":{\"@id\":\"https:\/\/curell.com\/ca\/curell-sunol-recomanada-en-tramitacio-i-estrategia-de-patents-per-iam-1000\/#breadcrumb\"},\"inLanguage\":\"ca\",\"potentialAction\":[{\"@type\":\"ReadAction\",\"target\":[\"https:\/\/curell.com\/ca\/curell-sunol-recomanada-en-tramitacio-i-estrategia-de-patents-per-iam-1000\/\"]}]},{\"@type\":\"ImageObject\",\"inLanguage\":\"ca\",\"@id\":\"https:\/\/curell.com\/ca\/curell-sunol-recomanada-en-tramitacio-i-estrategia-de-patents-per-iam-1000\/#primaryimage\",\"url\":\"https:\/\/curell.com\/wp-content\/uploads\/2023\/07\/noticia-iam-1000.png\",\"contentUrl\":\"https:\/\/curell.com\/wp-content\/uploads\/2023\/07\/noticia-iam-1000.png\",\"width\":1200,\"height\":628},{\"@type\":\"BreadcrumbList\",\"@id\":\"https:\/\/curell.com\/ca\/curell-sunol-recomanada-en-tramitacio-i-estrategia-de-patents-per-iam-1000\/#breadcrumb\",\"itemListElement\":[{\"@type\":\"ListItem\",\"position\":1,\"name\":\"Portada\",\"item\":\"https:\/\/curell.com\/ca\/\"},{\"@type\":\"ListItem\",\"position\":2,\"name\":\"CURELL SU\u00d1OL, recomanada en Tramitaci\u00f3 i Estrat\u00e8gia de patents per IAM 1000\"}]},{\"@type\":\"WebSite\",\"@id\":\"https:\/\/curell.com\/#website\",\"url\":\"https:\/\/curell.com\/\",\"name\":\"Curell Su\u00f1ol\",\"description\":\"Patentes, Marcas y Dise\u00f1os desde 1946\",\"publisher\":{\"@id\":\"https:\/\/curell.com\/#organization\"},\"potentialAction\":[{\"@type\":\"SearchAction\",\"target\":{\"@type\":\"EntryPoint\",\"urlTemplate\":\"https:\/\/curell.com\/?s={search_term_string}\"},\"query-input\":{\"@type\":\"PropertyValueSpecification\",\"valueRequired\":true,\"valueName\":\"search_term_string\"}}],\"inLanguage\":\"ca\"},{\"@type\":\"Organization\",\"@id\":\"https:\/\/curell.com\/#organization\",\"name\":\"Curell Su\u00f1ol\",\"url\":\"https:\/\/curell.com\/\",\"logo\":{\"@type\":\"ImageObject\",\"inLanguage\":\"ca\",\"@id\":\"https:\/\/curell.com\/#\/schema\/logo\/image\/\",\"url\":\"https:\/\/curell.com\/wp-content\/uploads\/2022\/10\/curell-3.png\",\"contentUrl\":\"https:\/\/curell.com\/wp-content\/uploads\/2022\/10\/curell-3.png\",\"width\":300,\"height\":70,\"caption\":\"Curell Su\u00f1ol\"},\"image\":{\"@id\":\"https:\/\/curell.com\/#\/schema\/logo\/image\/\"},\"sameAs\":[\"https:\/\/es.linkedin.com\/company\/curell-su-ol\",\"https:\/\/www.instagram.com\/curell.sunol\/\"]},{\"@type\":\"Person\",\"@id\":\"https:\/\/curell.com\/#\/schema\/person\/1c94ad2a17e2ed17aa5e510ba304ff87\",\"name\":\"clarapirezcurell@gmail.com\",\"image\":{\"@type\":\"ImageObject\",\"inLanguage\":\"ca\",\"@id\":\"https:\/\/curell.com\/#\/schema\/person\/image\/\",\"url\":\"https:\/\/secure.gravatar.com\/avatar\/5ba768f4c1f2dc029882cc058466e728a2fb044efeb07308ce14b58859479d16?s=96&d=mm&r=g\",\"contentUrl\":\"https:\/\/secure.gravatar.com\/avatar\/5ba768f4c1f2dc029882cc058466e728a2fb044efeb07308ce14b58859479d16?s=96&d=mm&r=g\",\"caption\":\"clarapirezcurell@gmail.com\"},\"url\":\"#\"}]}<\/script>\n<!-- \/ Yoast SEO plugin. -->","yoast_head_json":{"title":"CURELL SU\u00d1OL, recomanada en Tramitaci\u00f3 i Estrat\u00e8gia de patents per IAM 1000 | Curell Su\u00f1ol","robots":{"index":"index","follow":"follow","max-snippet":"max-snippet:-1","max-image-preview":"max-image-preview:large","max-video-preview":"max-video-preview:-1"},"canonical":"https:\/\/curell.com\/ca\/curell-sunol-recomanada-en-tramitacio-i-estrategia-de-patents-per-iam-1000\/","og_locale":"ca_ES","og_type":"article","og_title":"CURELL SU\u00d1OL, recomanada en Tramitaci\u00f3 i Estrat\u00e8gia de patents per IAM 1000 | Curell Su\u00f1ol","og_description":"Ens complau anunciar que Curell Su\u00f1ol SLP ha estat recomanada en Tramitaci\u00f3 i Estrat\u00e8gia de patents a l&#8217;edici\u00f3 de 2023 de IAM Patent 1000: The Top Patent Professionals. Segons la revista: &#8220;A client-oriented approach forms the backbone of Curell Su\u00f1ol\u2019s service. A long-standing presence on...","og_url":"https:\/\/curell.com\/ca\/curell-sunol-recomanada-en-tramitacio-i-estrategia-de-patents-per-iam-1000\/","og_site_name":"Curell Su\u00f1ol","article_published_time":"2023-07-10T08:41:04+00:00","article_modified_time":"2023-07-10T08:57:05+00:00","og_image":[{"width":1200,"height":628,"url":"https:\/\/curell.com\/wp-content\/uploads\/2023\/07\/noticia-iam-1000.png","type":"image\/png"}],"author":"clarapirezcurell@gmail.com","twitter_card":"summary_large_image","twitter_misc":{"Escrit per":"clarapirezcurell@gmail.com","Temps estimat de lectura":"1 minut"},"schema":{"@context":"https:\/\/schema.org","@graph":[{"@type":"Article","@id":"https:\/\/curell.com\/ca\/curell-sunol-recomanada-en-tramitacio-i-estrategia-de-patents-per-iam-1000\/#article","isPartOf":{"@id":"https:\/\/curell.com\/ca\/curell-sunol-recomanada-en-tramitacio-i-estrategia-de-patents-per-iam-1000\/"},"author":{"name":"clarapirezcurell@gmail.com","@id":"https:\/\/curell.com\/#\/schema\/person\/1c94ad2a17e2ed17aa5e510ba304ff87"},"headline":"CURELL SU\u00d1OL, recomanada en Tramitaci\u00f3 i Estrat\u00e8gia de patents per IAM 1000","datePublished":"2023-07-10T08:41:04+00:00","dateModified":"2023-07-10T08:57:05+00:00","mainEntityOfPage":{"@id":"https:\/\/curell.com\/ca\/curell-sunol-recomanada-en-tramitacio-i-estrategia-de-patents-per-iam-1000\/"},"wordCount":228,"publisher":{"@id":"https:\/\/curell.com\/#organization"},"image":{"@id":"https:\/\/curell.com\/ca\/curell-sunol-recomanada-en-tramitacio-i-estrategia-de-patents-per-iam-1000\/#primaryimage"},"thumbnailUrl":"https:\/\/curell.com\/wp-content\/uploads\/2023\/07\/noticia-iam-1000.png","articleSection":["Actualitat","Corporativa","Destacades Actualitat"],"inLanguage":"ca"},{"@type":"WebPage","@id":"https:\/\/curell.com\/ca\/curell-sunol-recomanada-en-tramitacio-i-estrategia-de-patents-per-iam-1000\/","url":"https:\/\/curell.com\/ca\/curell-sunol-recomanada-en-tramitacio-i-estrategia-de-patents-per-iam-1000\/","name":"CURELL SU\u00d1OL, recomanada en Tramitaci\u00f3 i Estrat\u00e8gia de patents per IAM 1000 | Curell Su\u00f1ol","isPartOf":{"@id":"https:\/\/curell.com\/#website"},"primaryImageOfPage":{"@id":"https:\/\/curell.com\/ca\/curell-sunol-recomanada-en-tramitacio-i-estrategia-de-patents-per-iam-1000\/#primaryimage"},"image":{"@id":"https:\/\/curell.com\/ca\/curell-sunol-recomanada-en-tramitacio-i-estrategia-de-patents-per-iam-1000\/#primaryimage"},"thumbnailUrl":"https:\/\/curell.com\/wp-content\/uploads\/2023\/07\/noticia-iam-1000.png","datePublished":"2023-07-10T08:41:04+00:00","dateModified":"2023-07-10T08:57:05+00:00","breadcrumb":{"@id":"https:\/\/curell.com\/ca\/curell-sunol-recomanada-en-tramitacio-i-estrategia-de-patents-per-iam-1000\/#breadcrumb"},"inLanguage":"ca","potentialAction":[{"@type":"ReadAction","target":["https:\/\/curell.com\/ca\/curell-sunol-recomanada-en-tramitacio-i-estrategia-de-patents-per-iam-1000\/"]}]},{"@type":"ImageObject","inLanguage":"ca","@id":"https:\/\/curell.com\/ca\/curell-sunol-recomanada-en-tramitacio-i-estrategia-de-patents-per-iam-1000\/#primaryimage","url":"https:\/\/curell.com\/wp-content\/uploads\/2023\/07\/noticia-iam-1000.png","contentUrl":"https:\/\/curell.com\/wp-content\/uploads\/2023\/07\/noticia-iam-1000.png","width":1200,"height":628},{"@type":"BreadcrumbList","@id":"https:\/\/curell.com\/ca\/curell-sunol-recomanada-en-tramitacio-i-estrategia-de-patents-per-iam-1000\/#breadcrumb","itemListElement":[{"@type":"ListItem","position":1,"name":"Portada","item":"https:\/\/curell.com\/ca\/"},{"@type":"ListItem","position":2,"name":"CURELL SU\u00d1OL, recomanada en Tramitaci\u00f3 i Estrat\u00e8gia de patents per IAM 1000"}]},{"@type":"WebSite","@id":"https:\/\/curell.com\/#website","url":"https:\/\/curell.com\/","name":"Curell Su\u00f1ol","description":"Patentes, Marcas y Dise\u00f1os desde 1946","publisher":{"@id":"https:\/\/curell.com\/#organization"},"potentialAction":[{"@type":"SearchAction","target":{"@type":"EntryPoint","urlTemplate":"https:\/\/curell.com\/?s={search_term_string}"},"query-input":{"@type":"PropertyValueSpecification","valueRequired":true,"valueName":"search_term_string"}}],"inLanguage":"ca"},{"@type":"Organization","@id":"https:\/\/curell.com\/#organization","name":"Curell Su\u00f1ol","url":"https:\/\/curell.com\/","logo":{"@type":"ImageObject","inLanguage":"ca","@id":"https:\/\/curell.com\/#\/schema\/logo\/image\/","url":"https:\/\/curell.com\/wp-content\/uploads\/2022\/10\/curell-3.png","contentUrl":"https:\/\/curell.com\/wp-content\/uploads\/2022\/10\/curell-3.png","width":300,"height":70,"caption":"Curell Su\u00f1ol"},"image":{"@id":"https:\/\/curell.com\/#\/schema\/logo\/image\/"},"sameAs":["https:\/\/es.linkedin.com\/company\/curell-su-ol","https:\/\/www.instagram.com\/curell.sunol\/"]},{"@type":"Person","@id":"https:\/\/curell.com\/#\/schema\/person\/1c94ad2a17e2ed17aa5e510ba304ff87","name":"clarapirezcurell@gmail.com","image":{"@type":"ImageObject","inLanguage":"ca","@id":"https:\/\/curell.com\/#\/schema\/person\/image\/","url":"https:\/\/secure.gravatar.com\/avatar\/5ba768f4c1f2dc029882cc058466e728a2fb044efeb07308ce14b58859479d16?s=96&d=mm&r=g","contentUrl":"https:\/\/secure.gravatar.com\/avatar\/5ba768f4c1f2dc029882cc058466e728a2fb044efeb07308ce14b58859479d16?s=96&d=mm&r=g","caption":"clarapirezcurell@gmail.com"},"url":"#"}]}},"_links":{"self":[{"href":"https:\/\/curell.com\/ca\/wp-json\/wp\/v2\/posts\/7362","targetHints":{"allow":["GET"]}}],"collection":[{"href":"https:\/\/curell.com\/ca\/wp-json\/wp\/v2\/posts"}],"about":[{"href":"https:\/\/curell.com\/ca\/wp-json\/wp\/v2\/types\/post"}],"author":[{"embeddable":true,"href":"https:\/\/curell.com\/ca\/wp-json\/wp\/v2\/users\/3"}],"replies":[{"embeddable":true,"href":"https:\/\/curell.com\/ca\/wp-json\/wp\/v2\/comments?post=7362"}],"version-history":[{"count":1,"href":"https:\/\/curell.com\/ca\/wp-json\/wp\/v2\/posts\/7362\/revisions"}],"predecessor-version":[{"id":7365,"href":"https:\/\/curell.com\/ca\/wp-json\/wp\/v2\/posts\/7362\/revisions\/7365"}],"wp:featuredmedia":[{"embeddable":true,"href":"https:\/\/curell.com\/ca\/wp-json\/wp\/v2\/media\/7357"}],"wp:attachment":[{"href":"https:\/\/curell.com\/ca\/wp-json\/wp\/v2\/media?parent=7362"}],"wp:term":[{"taxonomy":"category","embeddable":true,"href":"https:\/\/curell.com\/ca\/wp-json\/wp\/v2\/categories?post=7362"},{"taxonomy":"post_tag","embeddable":true,"href":"https:\/\/curell.com\/ca\/wp-json\/wp\/v2\/tags?post=7362"}],"curies":[{"name":"wp","href":"https:\/\/api.w.org\/{rel}","templated":true}]}}