{"id":9283,"date":"2024-07-08T14:16:24","date_gmt":"2024-07-08T14:16:24","guid":{"rendered":"https:\/\/curell.com\/?p=9283"},"modified":"2024-07-12T08:20:20","modified_gmt":"2024-07-12T08:20:20","slug":"el-tribunal-de-justicia-aclareix-el-concepte-de-comunicacio-al-public-dobres-de-propietat-intel%c2%b7lectual-en-pisos-de-lloguer","status":"publish","type":"post","link":"https:\/\/curell.com\/ca\/el-tribunal-de-justicia-aclareix-el-concepte-de-comunicacio-al-public-dobres-de-propietat-intel%c2%b7lectual-en-pisos-de-lloguer\/","title":{"rendered":"El Tribunal de Just\u00edcia aclareix el concepte de \u201ccomunicaci\u00f3 al p\u00fablic\u201d d&#8217;obres de propietat intel\u00b7lectual en pisos de lloguer"},"content":{"rendered":"<div id=\"ez-toc-container\" class=\"ez-toc-v2_0_81 counter-hierarchy ez-toc-counter ez-toc-custom ez-toc-container-direction\">\n<div class=\"ez-toc-title-container\">\n<p class=\"ez-toc-title\" style=\"cursor:inherit\">Contenidos<\/p>\n<span class=\"ez-toc-title-toggle\"><a href=\"#\" class=\"ez-toc-pull-right ez-toc-btn ez-toc-btn-xs ez-toc-btn-default ez-toc-toggle\" aria-label=\"Toggle Table of Content\"><span class=\"ez-toc-js-icon-con\"><span class=\"\"><span class=\"eztoc-hide\" style=\"display:none;\">Toggle<\/span><span class=\"ez-toc-icon-toggle-span\"><svg style=\"fill: #051a3f;color:#051a3f\" xmlns=\"http:\/\/www.w3.org\/2000\/svg\" class=\"list-377408\" width=\"20px\" height=\"20px\" viewBox=\"0 0 24 24\" fill=\"none\"><path d=\"M6 6H4v2h2V6zm14 0H8v2h12V6zM4 11h2v2H4v-2zm16 0H8v2h12v-2zM4 16h2v2H4v-2zm16 0H8v2h12v-2z\" fill=\"currentColor\"><\/path><\/svg><svg style=\"fill: #051a3f;color:#051a3f\" class=\"arrow-unsorted-368013\" xmlns=\"http:\/\/www.w3.org\/2000\/svg\" width=\"10px\" height=\"10px\" viewBox=\"0 0 24 24\" version=\"1.2\" baseProfile=\"tiny\"><path d=\"M18.2 9.3l-6.2-6.3-6.2 6.3c-.2.2-.3.4-.3.7s.1.5.3.7c.2.2.4.3.7.3h11c.3 0 .5-.1.7-.3.2-.2.3-.5.3-.7s-.1-.5-.3-.7zM5.8 14.7l6.2 6.3 6.2-6.3c.2-.2.3-.5.3-.7s-.1-.5-.3-.7c-.2-.2-.4-.3-.7-.3h-11c-.3 0-.5.1-.7.3-.2.2-.3.5-.3.7s.1.5.3.7z\"\/><\/svg><\/span><\/span><\/span><\/a><\/span><\/div>\n<nav><ul class='ez-toc-list ez-toc-list-level-1 eztoc-toggle-hide-by-default' ><li class='ez-toc-page-1 ez-toc-heading-level-3'><a class=\"ez-toc-link ez-toc-heading-1\" href=\"https:\/\/curell.com\/ca\/el-tribunal-de-justicia-aclareix-el-concepte-de-comunicacio-al-public-dobres-de-propietat-intel%c2%b7lectual-en-pisos-de-lloguer\/#Marc_legal\" >Marc legal<\/a><\/li><li class='ez-toc-page-1 ez-toc-heading-level-3'><a class=\"ez-toc-link ez-toc-heading-2\" href=\"https:\/\/curell.com\/ca\/el-tribunal-de-justicia-aclareix-el-concepte-de-comunicacio-al-public-dobres-de-propietat-intel%c2%b7lectual-en-pisos-de-lloguer\/#Sentencia_GEMA\" >Sent\u00e8ncia GEMA<\/a><\/li><li class='ez-toc-page-1 ez-toc-heading-level-3'><a class=\"ez-toc-link ez-toc-heading-3\" href=\"https:\/\/curell.com\/ca\/el-tribunal-de-justicia-aclareix-el-concepte-de-comunicacio-al-public-dobres-de-propietat-intel%c2%b7lectual-en-pisos-de-lloguer\/#Concepte_de_%E2%80%9Ccomunicacio_al_public%E2%80%9D\" >Concepte de \u201ccomunicaci\u00f3 al p\u00fablic\u201d<\/a><\/li><li class='ez-toc-page-1 ez-toc-heading-level-3'><a class=\"ez-toc-link ez-toc-heading-4\" href=\"https:\/\/curell.com\/ca\/el-tribunal-de-justicia-aclareix-el-concepte-de-comunicacio-al-public-dobres-de-propietat-intel%c2%b7lectual-en-pisos-de-lloguer\/#Comunicacio_al_public_en_pisos_de_lloguer\" >Comunicaci\u00f3 al p\u00fablic en pisos de lloguer<\/a><\/li><li class='ez-toc-page-1 ez-toc-heading-level-3'><a class=\"ez-toc-link ez-toc-heading-5\" href=\"https:\/\/curell.com\/ca\/el-tribunal-de-justicia-aclareix-el-concepte-de-comunicacio-al-public-dobres-de-propietat-intel%c2%b7lectual-en-pisos-de-lloguer\/#Comentari\" >Comentari<\/a><\/li><\/ul><\/nav><\/div>\n<h3><span class=\"ez-toc-section\" id=\"Marc_legal\"><\/span><span style=\"text-decoration: underline;\">Marc legal<\/span><span class=\"ez-toc-section-end\"><\/span><\/h3>\n<p>Un dels drets reservats als autors d&#8217;obres de propietat intel\u00b7lectual \u00e9s el de la comunicaci\u00f3 p\u00fablica de les seves obres. Aix\u00ed, el Tractat de l\u2019OMPI sobre Dret d&#8217;Autor (WCT) estableix en el seu article 8 que \u201cels autors d&#8217;obres liter\u00e0ries i art\u00edstiques gaudiran del <strong>dret exclusiu d&#8217;autoritzar qualsevol comunicaci\u00f3 al p\u00fablic<\/strong> de les seves obres per mitjans amb o sense cable, compresa la posada a disposici\u00f3 del p\u00fablic de les seves obres, de tal manera que els membres del p\u00fablic puguin accedir a aquestes obres des del lloc i en el moment que cadascun d&#8217;ells tri\u00ef\u201d.<\/p>\n<p>En la seva sent\u00e8ncia de 20\/06\/2024, recaiguda en l&#8217;assumpte C-135\/23, GEMA, ECLI:EU:C:2024:526, el Tribunal de Just\u00edcia de la Uni\u00f3 Europea aclareix si la posada a disposici\u00f3 en pisos de lloguer de televisors equipats amb una antena d&#8217;interior que permeti la captaci\u00f3 de senyals i la difusi\u00f3 d&#8217;emissions \u00e9s un acte de \u201ccomunicaci\u00f3 al p\u00fablic\u201d.<\/p>\n<p>A la Uni\u00f3 Europea, la Directiva 2001\/29\/CE de drets d&#8217;autor i drets afins en la societat de la informaci\u00f3 cont\u00e9 substancialment la mateixa disposici\u00f3 que l&#8217;article 8 WCT en el seu article 3.1, que disposa que \u201c[e]ls Estats membres establiran en favor dels autors <strong>el dret exclusiu a autoritzar o prohibir qualsevol comunicaci\u00f3 al p\u00fablic de les seves obres<\/strong>, per procediments amb o sense cable, inclosa la posada a la disposici\u00f3 del p\u00fablic de les seves obres de tal forma que qualsevol persona pugui accedir a elles des del lloc i en el moment que tri\u00ef\u201d.<\/p>\n<p>En virtut d&#8217;aquest precepte, els autors disposen d&#8217;<strong>un dret de car\u00e0cter preventiu<\/strong> que els permet interposar-se entre eventuals usuaris de la seva obra i la comunicaci\u00f3 al p\u00fablic que aquests usuaris potser desitjaven realitzar, amb la finalitat de prohibir-la (sent\u00e8ncies del TJUE de 31\/05\/2016, Reha Training, C\u2011117\/15, EU:C:2016:379, \u00a730, i 20\/04\/2023, Blue Air Aviation, C\u2011775\/21 i C\u2011826\/21, EU:C:2023:307, \u00a744).<\/p>\n<p>La Directiva 2001\/29\/CE no defineix el concepte de \u201ccomunicaci\u00f3 al p\u00fablic\u201d, per\u00f2 precisa que \u201c[l]a mera posada a disposici\u00f3 de les instal\u00b7lacions materials necess\u00e0ries per a facilitar o efectuar una comunicaci\u00f3 <strong>no equival en s\u00ed mateixa a una comunicaci\u00f3<\/strong>\u201d (considerant 27) d&#8217;acord amb la declaraci\u00f3 concertada respecte de l&#8217;article 8 WCT.<\/p>\n<h3><span class=\"ez-toc-section\" id=\"Sentencia_GEMA\"><\/span><span style=\"text-decoration: underline;\">Sent\u00e8ncia GEMA<\/span><span class=\"ez-toc-section-end\"><\/span><\/h3>\n<p>La sent\u00e8ncia del TJUE resol una q\u00fcesti\u00f3 prejudicial de l&#8217;<em>Amtsgericht Potsdam<\/em> (Tribunal civil i Penal de Potsdam, Alemanya), en el marc d&#8217;un plet entre GEMA, entitat de gesti\u00f3 col\u00b7lectiva de drets d&#8217;autor en l&#8217;\u00e0mbit musical, i GL, empresa que es dedica a l&#8217;explotaci\u00f3 de pisos de lloguer, per infracci\u00f3 de drets d&#8217;autor amb base en que GL posa a disposici\u00f3 dels seus arrendataris televisors equipats amb una antena d&#8217;interior que capten senyals i permeten la difusi\u00f3 d&#8217;emissions, en particular de m\u00fasica, en aquests pisos.<\/p>\n<p>L\u2019 <em>Amtsgericht Potsdam<\/em> havia preguntat al TJUE si el citat article 3.1 de la Directiva 2001\/29\/CE ha d&#8217;interpretar-se en el sentit que <strong>el concepte de \u201ccomunicaci\u00f3 al p\u00fablic\u201d compr\u00e8n aquesta posada a la disposici\u00f3 de televisors en pisos de lloguer<\/strong>.<\/p>\n<h3><span class=\"ez-toc-section\" id=\"Concepte_de_%E2%80%9Ccomunicacio_al_public%E2%80%9D\"><\/span>Concepte de \u201ccomunicaci\u00f3 al p\u00fablic\u201d<span class=\"ez-toc-section-end\"><\/span><\/h3>\n<p>En la seva sent\u00e8ncia, el TJUE repassa la seva jurisprud\u00e8ncia relativa al concepte de \u201ccomunicaci\u00f3 al p\u00fablic\u201d d&#8217;obres de propietat intel\u00b7lectual. En particular, recorda que aquest concepte associa dos elements cumulatius &#8211;<strong>acte de comunicaci\u00f3 d&#8217;una obra i comunicaci\u00f3 d&#8217;aquesta a un p\u00fablic<\/strong>&#8211; i exigeix una apreciaci\u00f3 individualitzada, en la qual han de tenir-se en compte diversos criteris complementaris, com el <strong>paper ineludible de l&#8217;usuari<\/strong> i el car\u00e0cter deliberat de la seva intervenci\u00f3 (\u00a721-23). L&#8217;usuari realitza un \u201cacte de comunicaci\u00f3\u201d quan interv\u00e9, amb ple coneixement de les conseq\u00fc\u00e8ncies del seu comportament, per a donar als seus clients acc\u00e9s a una obra protegida, especialment quan, sense la seva intervenci\u00f3, els clients no podrien, en principi, gaudir de l&#8217;obra difosa (\u00a723).<\/p>\n<p>Per al TJUE, el que permet distingir entre la \u201ccomunicaci\u00f3 al p\u00fablic\u201d i la \u201cmera posada a disposici\u00f3 de les instal\u00b7lacions\u201d \u00e9s el paper ineludible de l&#8217;usuari per a donar als seus clients acc\u00e9s a obres protegides i <strong>el car\u00e0cter deliberat de la seva intervenci\u00f3<\/strong>, especialment si aquesta t\u00e9 naturalesa lucrativa (\u00a726).<\/p>\n<p>El TJUE recorda tamb\u00e9 que, en relaci\u00f3 amb un establiment de restauraci\u00f3, un hotel, un establiment termal i un centre de rehabilitaci\u00f3, les persones que es dediquen a la seva explotaci\u00f3 <strong>realitzen un acte de comunicaci\u00f3 quan transmeten deliberadament a la seva clientela obres protegides, mitjan\u00e7ant la distribuci\u00f3 volunt\u00e0ria d&#8217;un senyal<\/strong> a trav\u00e9s de receptors de televisi\u00f3 o de r\u00e0dio que han instal\u00b7lat en el seu establiment (\u00a729).<\/p>\n<h3><span class=\"ez-toc-section\" id=\"Comunicacio_al_public_en_pisos_de_lloguer\"><\/span>Comunicaci\u00f3 al p\u00fablic en pisos de lloguer<span class=\"ez-toc-section-end\"><\/span><\/h3>\n<p>Analitzant ja l&#8217;assumpte en q\u00fcesti\u00f3, el TJUE t\u00e9 clar que la persona que es dedica a l&#8217;explotaci\u00f3 d&#8217;un edifici de pisos, en equipar-los amb televisors i antenes d&#8217;interior que, sense m\u00e9s intervenci\u00f3, capten senyals i permeten la difusi\u00f3 d&#8217;emissions, en particular de m\u00fasica,<strong> realitza deliberadament una intervenci\u00f3 per a donar als seus clients acc\u00e9s a tals emissions durant el per\u00edode d&#8217;arrendament<\/strong>, sense que sigui decisiu que aquests utilitzin o no aquesta possibilitat (\u00a733). \u00c9s una <strong>prestaci\u00f3 de serveis suplement\u00e0ria<\/strong> realitzada amb l&#8217;objectiu d&#8217;obtenir un determinat benefici, la qual cosa acredita el car\u00e0cter lucratiu de la comunicaci\u00f3 (\u00a734-35).<\/p>\n<p>D&#8217;altra banda, <strong>\u00e9s irrellevant, segons el parer del TJUE, que els televisors estiguin connectats a una antena \u201cd&#8217;interior\u201d en lloc d&#8217;una antena \u201ccentral\u201d<\/strong>, perqu\u00e8 la distinci\u00f3 entre antenes centrals i d&#8217;interior no estaria conforme amb el principi de neutralitat tecnol\u00f2gica (\u00a736-37).<\/p>\n<p>Perqu\u00e8 quedin compreses en el concepte de \u201ccomunicaci\u00f3 al p\u00fablic\u201d, cal que les obres protegides siguin efectivament comunicades a un \u201cp\u00fablic\u201d, aix\u00f2 \u00e9s, a un <strong>nombre indeterminat de destinataris potencials i implica, d&#8217;altra banda, un nombre considerable de persones<\/strong> (\u00a738).<\/p>\n<p>El concepte de \u201cp\u00fablic\u201d suposa un cert llindar de minimis, la qual cosa exclou un nombre d&#8217;interessats massa redu\u00eft o insignificant. Per a determinar el nombre d&#8217;interessats, cal tenir en compte, en particular, el nombre de persones que poden tenir <strong>acc\u00e9s a la mateixa obra no nom\u00e9s de manera simult\u00e0nia, sin\u00f3 tamb\u00e9 successiva<\/strong> (\u00a739).<\/p>\n<p>Coincidint amb l&#8217;Advocat General, el TJUE declara que, s<strong>i els pisos s\u00f3n objecte d&#8217;arrendament de curta durada, e.g. com a allotjaments tur\u00edstics<\/strong>,<strong> els seus arrendataris han de qualificar-se de \u201cp\u00fablic\u201d<\/strong>, at\u00e8s que constitueixen en el seu conjunt, igual que els clients d&#8217;un establiment hoteler, un nombre indeterminat de destinataris potencials (\u00a742).<\/p>\n<p>Perqu\u00e8 concorri una \u201ccomunicaci\u00f3 al p\u00fablic\u201d una obra protegida ha de ser comunicada amb una t\u00e8cnica espec\u00edfica, diferent de les utilitzades anteriorment, o, en defecte d&#8217;aix\u00f2, <strong>a un \u201cp\u00fablic nou\u201d<\/strong>, \u00e9s a dir, un p\u00fablic que no hagi estat ja pres en consideraci\u00f3 pel titular del dret d&#8217;autor en autoritzar la comunicaci\u00f3 inicial de la seva obra al p\u00fablic (\u00a743).<\/p>\n<p>Secundant-se en les conclusions de l&#8217;Advocat General, el TJUE determina que els arrendataris de pisos d&#8217;un edifici que s\u00f3n objecte d&#8217;arrendament de curta durada, en particular com a allotjaments tur\u00edstics, poden constituir un \u201cp\u00fablic nou\u201d, ja que, fins i tot trobant-se a l&#8217;interior de la zona de cobertura d&#8217;aquesta emissi\u00f3, no podrien gaudir de l&#8217;obra difosa sense la intervenci\u00f3 de la persona que es dedica a l&#8217;explotaci\u00f3 d&#8217;aquest edifici, que instal\u00b7la en aquests pisos televisors equipats amb una antena d&#8217;interior (\u00a744). En canvi, <strong>si els pisos es lloguen a arrendataris que estableixen en ells la seva resid\u00e8ncia, aquests no poden considerar-se un \u201cp\u00fablic nou\u201d<\/strong> (\u00a745).<\/p>\n<p>Aix\u00ed, el TJUE resol que el concepte de \u201ccomunicaci\u00f3 al p\u00fablic\u201d <strong>compr\u00e8n la posada a la disposici\u00f3 dels arrendataris<\/strong>, realitzada deliberadament per la persona que es dedica a l&#8217;explotaci\u00f3 d&#8217;un edifici de pisos de lloguer, de <strong>televisors equipats amb una antena<\/strong> d&#8217;interior que, sense m\u00e9s intervenci\u00f3, capten senyals i permeten la difusi\u00f3 d&#8217;emissions, <strong>sempre que pugui considerar-se que aquests arrendataris constitueixen un \u201cp\u00fablic nou\u201d<\/strong> (\u00a746).<\/p>\n<h3><span class=\"ez-toc-section\" id=\"Comentari\"><\/span><span style=\"text-decoration: underline;\">Comentari<\/span><span class=\"ez-toc-section-end\"><\/span><\/h3>\n<p>Es dedueix de la sent\u00e8ncia que quan una persona que explota pisos de lloguer posa deliberadament a la disposici\u00f3 dels seus arrendataris televisors equipats amb una antena que, sense m\u00e9s intervenci\u00f3, capten senyals i permeten la difusi\u00f3 d&#8217;obres de propietat intel\u00b7lectual, aquesta persona realitza un acte de \u201ccomunicaci\u00f3 al p\u00fablic\u201d d&#8217;obres si es tracta de pisos tur\u00edstics (d&#8217;arrendament de curta durada) perqu\u00e8 aquesta modalitat de lloguer pot incidir en el nombre de persones que poden accedir successivament a les obres. En conseq\u00fc\u00e8ncia, les empreses\/persones que exploten pisos tur\u00edstics equipats amb televisors connectats a antena haurien de pagar una llic\u00e8ncia a la corresponent societat de gesti\u00f3 col\u00b7lectiva de drets d&#8217;autor.<\/p>\n<p>Per a m\u00e9s informaci\u00f3 podeu la sent\u00e8ncia en aquest <a href=\"https:\/\/curia.europa.eu\/juris\/document\/document.jsf?text=&amp;docid=287307&amp;pageIndex=0&amp;doclang=ES&amp;mode=lst&amp;dir=&amp;occ=first&amp;part=1&amp;cid=14226513\">enlla\u00e7<\/a>.<\/p>\n<p><strong>Autor<\/strong>: <a href=\"https:\/\/curell.com\/ca\/equipo\/emil-edissonov-kirilov\/\">Emil Edissonov<\/a>, advocat i soci de Curell Su\u00f1ol, SLP.<\/p>\n<p>Foto de Howard Bouchevereau en Unsplash.com<\/p>\n","protected":false},"excerpt":{"rendered":"<p>Marc legal Un dels drets reservats als autors d&#8217;obres de propietat intel\u00b7lectual \u00e9s el de la comunicaci\u00f3 p\u00fablica de les seves obres. Aix\u00ed, el Tractat de l\u2019OMPI sobre Dret d&#8217;Autor (WCT) estableix en el seu article 8 que \u201cels autors d&#8217;obres liter\u00e0ries i art\u00edstiques gaudiran&#8230;<\/p>\n","protected":false},"author":3,"featured_media":9278,"comment_status":"closed","ping_status":"open","sticky":false,"template":"","format":"standard","meta":{"footnotes":""},"categories":[57,58,62,131],"tags":[],"class_list":["post-9283","post","type-post","status-publish","format-standard","has-post-thumbnail","hentry","category-actualitat","category-articles-ca","category-destacades-actualitat","category-drets-dautor"],"yoast_head":"<!-- This site is optimized with the Yoast SEO plugin v27.1.1 - https:\/\/yoast.com\/product\/yoast-seo-wordpress\/ -->\n<title>El Tribunal de Just\u00edcia aclareix el concepte de \u201ccomunicaci\u00f3 al p\u00fablic\u201d d&#039;obres de propietat intel\u00b7lectual en pisos de lloguer | Curell Su\u00f1ol<\/title>\n<meta name=\"robots\" content=\"index, follow, max-snippet:-1, max-image-preview:large, max-video-preview:-1\" \/>\n<link rel=\"canonical\" href=\"https:\/\/curell.com\/ca\/el-tribunal-de-justicia-aclareix-el-concepte-de-comunicacio-al-public-dobres-de-propietat-intel\u00b7lectual-en-pisos-de-lloguer\/\" \/>\n<meta property=\"og:locale\" content=\"ca_ES\" \/>\n<meta property=\"og:type\" content=\"article\" \/>\n<meta property=\"og:title\" content=\"El Tribunal de Just\u00edcia aclareix el concepte de \u201ccomunicaci\u00f3 al p\u00fablic\u201d d&#039;obres de propietat intel\u00b7lectual en pisos de lloguer | Curell Su\u00f1ol\" \/>\n<meta property=\"og:description\" content=\"Marc legal Un dels drets reservats als autors d&#8217;obres de propietat intel\u00b7lectual \u00e9s el de la comunicaci\u00f3 p\u00fablica de les seves obres. Aix\u00ed, el Tractat de l\u2019OMPI sobre Dret d&#8217;Autor (WCT) estableix en el seu article 8 que \u201cels autors d&#8217;obres liter\u00e0ries i art\u00edstiques gaudiran...\" \/>\n<meta property=\"og:url\" content=\"https:\/\/curell.com\/ca\/el-tribunal-de-justicia-aclareix-el-concepte-de-comunicacio-al-public-dobres-de-propietat-intel\u00b7lectual-en-pisos-de-lloguer\/\" \/>\n<meta property=\"og:site_name\" content=\"Curell Su\u00f1ol\" \/>\n<meta property=\"article:published_time\" content=\"2024-07-08T14:16:24+00:00\" \/>\n<meta property=\"article:modified_time\" content=\"2024-07-12T08:20:20+00:00\" \/>\n<meta property=\"og:image\" content=\"https:\/\/curell.com\/wp-content\/uploads\/2024\/07\/comunicacion-publico-obras-propiedad-intelectual-pisos-turisticos.png\" \/>\n\t<meta property=\"og:image:width\" content=\"1200\" \/>\n\t<meta property=\"og:image:height\" content=\"628\" \/>\n\t<meta property=\"og:image:type\" content=\"image\/png\" \/>\n<meta name=\"author\" content=\"clarapirezcurell@gmail.com\" \/>\n<meta name=\"twitter:card\" content=\"summary_large_image\" \/>\n<meta name=\"twitter:label1\" content=\"Escrit per\" \/>\n\t<meta name=\"twitter:data1\" content=\"clarapirezcurell@gmail.com\" \/>\n\t<meta name=\"twitter:label2\" content=\"Temps estimat de lectura\" \/>\n\t<meta name=\"twitter:data2\" content=\"7 minuts\" \/>\n<script type=\"application\/ld+json\" class=\"yoast-schema-graph\">{\"@context\":\"https:\/\/schema.org\",\"@graph\":[{\"@type\":\"Article\",\"@id\":\"https:\/\/curell.com\/ca\/el-tribunal-de-justicia-aclareix-el-concepte-de-comunicacio-al-public-dobres-de-propietat-intel%c2%b7lectual-en-pisos-de-lloguer\/#article\",\"isPartOf\":{\"@id\":\"https:\/\/curell.com\/ca\/el-tribunal-de-justicia-aclareix-el-concepte-de-comunicacio-al-public-dobres-de-propietat-intel%c2%b7lectual-en-pisos-de-lloguer\/\"},\"author\":{\"name\":\"clarapirezcurell@gmail.com\",\"@id\":\"https:\/\/curell.com\/#\/schema\/person\/1c94ad2a17e2ed17aa5e510ba304ff87\"},\"headline\":\"El Tribunal de Just\u00edcia aclareix el concepte de \u201ccomunicaci\u00f3 al p\u00fablic\u201d d&#8217;obres de propietat intel\u00b7lectual en pisos de lloguer\",\"datePublished\":\"2024-07-08T14:16:24+00:00\",\"dateModified\":\"2024-07-12T08:20:20+00:00\",\"mainEntityOfPage\":{\"@id\":\"https:\/\/curell.com\/ca\/el-tribunal-de-justicia-aclareix-el-concepte-de-comunicacio-al-public-dobres-de-propietat-intel%c2%b7lectual-en-pisos-de-lloguer\/\"},\"wordCount\":1485,\"publisher\":{\"@id\":\"https:\/\/curell.com\/#organization\"},\"image\":{\"@id\":\"https:\/\/curell.com\/ca\/el-tribunal-de-justicia-aclareix-el-concepte-de-comunicacio-al-public-dobres-de-propietat-intel%c2%b7lectual-en-pisos-de-lloguer\/#primaryimage\"},\"thumbnailUrl\":\"https:\/\/curell.com\/wp-content\/uploads\/2024\/07\/comunicacion-publico-obras-propiedad-intelectual-pisos-turisticos.png\",\"articleSection\":[\"Actualitat\",\"Articles\",\"Destacades Actualitat\",\"Drets d'autor\"],\"inLanguage\":\"ca\"},{\"@type\":\"WebPage\",\"@id\":\"https:\/\/curell.com\/ca\/el-tribunal-de-justicia-aclareix-el-concepte-de-comunicacio-al-public-dobres-de-propietat-intel%c2%b7lectual-en-pisos-de-lloguer\/\",\"url\":\"https:\/\/curell.com\/ca\/el-tribunal-de-justicia-aclareix-el-concepte-de-comunicacio-al-public-dobres-de-propietat-intel%c2%b7lectual-en-pisos-de-lloguer\/\",\"name\":\"El Tribunal de Just\u00edcia aclareix el concepte de \u201ccomunicaci\u00f3 al p\u00fablic\u201d d'obres de propietat intel\u00b7lectual en pisos de lloguer | Curell Su\u00f1ol\",\"isPartOf\":{\"@id\":\"https:\/\/curell.com\/#website\"},\"primaryImageOfPage\":{\"@id\":\"https:\/\/curell.com\/ca\/el-tribunal-de-justicia-aclareix-el-concepte-de-comunicacio-al-public-dobres-de-propietat-intel%c2%b7lectual-en-pisos-de-lloguer\/#primaryimage\"},\"image\":{\"@id\":\"https:\/\/curell.com\/ca\/el-tribunal-de-justicia-aclareix-el-concepte-de-comunicacio-al-public-dobres-de-propietat-intel%c2%b7lectual-en-pisos-de-lloguer\/#primaryimage\"},\"thumbnailUrl\":\"https:\/\/curell.com\/wp-content\/uploads\/2024\/07\/comunicacion-publico-obras-propiedad-intelectual-pisos-turisticos.png\",\"datePublished\":\"2024-07-08T14:16:24+00:00\",\"dateModified\":\"2024-07-12T08:20:20+00:00\",\"breadcrumb\":{\"@id\":\"https:\/\/curell.com\/ca\/el-tribunal-de-justicia-aclareix-el-concepte-de-comunicacio-al-public-dobres-de-propietat-intel%c2%b7lectual-en-pisos-de-lloguer\/#breadcrumb\"},\"inLanguage\":\"ca\",\"potentialAction\":[{\"@type\":\"ReadAction\",\"target\":[\"https:\/\/curell.com\/ca\/el-tribunal-de-justicia-aclareix-el-concepte-de-comunicacio-al-public-dobres-de-propietat-intel%c2%b7lectual-en-pisos-de-lloguer\/\"]}]},{\"@type\":\"ImageObject\",\"inLanguage\":\"ca\",\"@id\":\"https:\/\/curell.com\/ca\/el-tribunal-de-justicia-aclareix-el-concepte-de-comunicacio-al-public-dobres-de-propietat-intel%c2%b7lectual-en-pisos-de-lloguer\/#primaryimage\",\"url\":\"https:\/\/curell.com\/wp-content\/uploads\/2024\/07\/comunicacion-publico-obras-propiedad-intelectual-pisos-turisticos.png\",\"contentUrl\":\"https:\/\/curell.com\/wp-content\/uploads\/2024\/07\/comunicacion-publico-obras-propiedad-intelectual-pisos-turisticos.png\",\"width\":1200,\"height\":628},{\"@type\":\"BreadcrumbList\",\"@id\":\"https:\/\/curell.com\/ca\/el-tribunal-de-justicia-aclareix-el-concepte-de-comunicacio-al-public-dobres-de-propietat-intel%c2%b7lectual-en-pisos-de-lloguer\/#breadcrumb\",\"itemListElement\":[{\"@type\":\"ListItem\",\"position\":1,\"name\":\"Portada\",\"item\":\"https:\/\/curell.com\/ca\/\"},{\"@type\":\"ListItem\",\"position\":2,\"name\":\"El Tribunal de Just\u00edcia aclareix el concepte de \u201ccomunicaci\u00f3 al p\u00fablic\u201d d&#8217;obres de propietat intel\u00b7lectual en pisos de lloguer\"}]},{\"@type\":\"WebSite\",\"@id\":\"https:\/\/curell.com\/#website\",\"url\":\"https:\/\/curell.com\/\",\"name\":\"Curell Su\u00f1ol\",\"description\":\"Patentes, Marcas y Dise\u00f1os desde 1946\",\"publisher\":{\"@id\":\"https:\/\/curell.com\/#organization\"},\"potentialAction\":[{\"@type\":\"SearchAction\",\"target\":{\"@type\":\"EntryPoint\",\"urlTemplate\":\"https:\/\/curell.com\/?s={search_term_string}\"},\"query-input\":{\"@type\":\"PropertyValueSpecification\",\"valueRequired\":true,\"valueName\":\"search_term_string\"}}],\"inLanguage\":\"ca\"},{\"@type\":\"Organization\",\"@id\":\"https:\/\/curell.com\/#organization\",\"name\":\"Curell Su\u00f1ol\",\"url\":\"https:\/\/curell.com\/\",\"logo\":{\"@type\":\"ImageObject\",\"inLanguage\":\"ca\",\"@id\":\"https:\/\/curell.com\/#\/schema\/logo\/image\/\",\"url\":\"https:\/\/curell.com\/wp-content\/uploads\/2022\/10\/curell-3.png\",\"contentUrl\":\"https:\/\/curell.com\/wp-content\/uploads\/2022\/10\/curell-3.png\",\"width\":300,\"height\":70,\"caption\":\"Curell Su\u00f1ol\"},\"image\":{\"@id\":\"https:\/\/curell.com\/#\/schema\/logo\/image\/\"},\"sameAs\":[\"https:\/\/es.linkedin.com\/company\/curell-su-ol\",\"https:\/\/www.instagram.com\/curell.sunol\/\"]},{\"@type\":\"Person\",\"@id\":\"https:\/\/curell.com\/#\/schema\/person\/1c94ad2a17e2ed17aa5e510ba304ff87\",\"name\":\"clarapirezcurell@gmail.com\",\"image\":{\"@type\":\"ImageObject\",\"inLanguage\":\"ca\",\"@id\":\"https:\/\/curell.com\/#\/schema\/person\/image\/\",\"url\":\"https:\/\/secure.gravatar.com\/avatar\/5ba768f4c1f2dc029882cc058466e728a2fb044efeb07308ce14b58859479d16?s=96&d=mm&r=g\",\"contentUrl\":\"https:\/\/secure.gravatar.com\/avatar\/5ba768f4c1f2dc029882cc058466e728a2fb044efeb07308ce14b58859479d16?s=96&d=mm&r=g\",\"caption\":\"clarapirezcurell@gmail.com\"},\"url\":\"#\"}]}<\/script>\n<!-- \/ Yoast SEO plugin. -->","yoast_head_json":{"title":"El Tribunal de Just\u00edcia aclareix el concepte de \u201ccomunicaci\u00f3 al p\u00fablic\u201d d'obres de propietat intel\u00b7lectual en pisos de lloguer | Curell Su\u00f1ol","robots":{"index":"index","follow":"follow","max-snippet":"max-snippet:-1","max-image-preview":"max-image-preview:large","max-video-preview":"max-video-preview:-1"},"canonical":"https:\/\/curell.com\/ca\/el-tribunal-de-justicia-aclareix-el-concepte-de-comunicacio-al-public-dobres-de-propietat-intel\u00b7lectual-en-pisos-de-lloguer\/","og_locale":"ca_ES","og_type":"article","og_title":"El Tribunal de Just\u00edcia aclareix el concepte de \u201ccomunicaci\u00f3 al p\u00fablic\u201d d'obres de propietat intel\u00b7lectual en pisos de lloguer | Curell Su\u00f1ol","og_description":"Marc legal Un dels drets reservats als autors d&#8217;obres de propietat intel\u00b7lectual \u00e9s el de la comunicaci\u00f3 p\u00fablica de les seves obres. Aix\u00ed, el Tractat de l\u2019OMPI sobre Dret d&#8217;Autor (WCT) estableix en el seu article 8 que \u201cels autors d&#8217;obres liter\u00e0ries i art\u00edstiques gaudiran...","og_url":"https:\/\/curell.com\/ca\/el-tribunal-de-justicia-aclareix-el-concepte-de-comunicacio-al-public-dobres-de-propietat-intel\u00b7lectual-en-pisos-de-lloguer\/","og_site_name":"Curell Su\u00f1ol","article_published_time":"2024-07-08T14:16:24+00:00","article_modified_time":"2024-07-12T08:20:20+00:00","og_image":[{"width":1200,"height":628,"url":"https:\/\/curell.com\/wp-content\/uploads\/2024\/07\/comunicacion-publico-obras-propiedad-intelectual-pisos-turisticos.png","type":"image\/png"}],"author":"clarapirezcurell@gmail.com","twitter_card":"summary_large_image","twitter_misc":{"Escrit per":"clarapirezcurell@gmail.com","Temps estimat de lectura":"7 minuts"},"schema":{"@context":"https:\/\/schema.org","@graph":[{"@type":"Article","@id":"https:\/\/curell.com\/ca\/el-tribunal-de-justicia-aclareix-el-concepte-de-comunicacio-al-public-dobres-de-propietat-intel%c2%b7lectual-en-pisos-de-lloguer\/#article","isPartOf":{"@id":"https:\/\/curell.com\/ca\/el-tribunal-de-justicia-aclareix-el-concepte-de-comunicacio-al-public-dobres-de-propietat-intel%c2%b7lectual-en-pisos-de-lloguer\/"},"author":{"name":"clarapirezcurell@gmail.com","@id":"https:\/\/curell.com\/#\/schema\/person\/1c94ad2a17e2ed17aa5e510ba304ff87"},"headline":"El Tribunal de Just\u00edcia aclareix el concepte de \u201ccomunicaci\u00f3 al p\u00fablic\u201d d&#8217;obres de propietat intel\u00b7lectual en pisos de lloguer","datePublished":"2024-07-08T14:16:24+00:00","dateModified":"2024-07-12T08:20:20+00:00","mainEntityOfPage":{"@id":"https:\/\/curell.com\/ca\/el-tribunal-de-justicia-aclareix-el-concepte-de-comunicacio-al-public-dobres-de-propietat-intel%c2%b7lectual-en-pisos-de-lloguer\/"},"wordCount":1485,"publisher":{"@id":"https:\/\/curell.com\/#organization"},"image":{"@id":"https:\/\/curell.com\/ca\/el-tribunal-de-justicia-aclareix-el-concepte-de-comunicacio-al-public-dobres-de-propietat-intel%c2%b7lectual-en-pisos-de-lloguer\/#primaryimage"},"thumbnailUrl":"https:\/\/curell.com\/wp-content\/uploads\/2024\/07\/comunicacion-publico-obras-propiedad-intelectual-pisos-turisticos.png","articleSection":["Actualitat","Articles","Destacades Actualitat","Drets d'autor"],"inLanguage":"ca"},{"@type":"WebPage","@id":"https:\/\/curell.com\/ca\/el-tribunal-de-justicia-aclareix-el-concepte-de-comunicacio-al-public-dobres-de-propietat-intel%c2%b7lectual-en-pisos-de-lloguer\/","url":"https:\/\/curell.com\/ca\/el-tribunal-de-justicia-aclareix-el-concepte-de-comunicacio-al-public-dobres-de-propietat-intel%c2%b7lectual-en-pisos-de-lloguer\/","name":"El Tribunal de Just\u00edcia aclareix el concepte de \u201ccomunicaci\u00f3 al p\u00fablic\u201d d'obres de propietat intel\u00b7lectual en pisos de lloguer | Curell Su\u00f1ol","isPartOf":{"@id":"https:\/\/curell.com\/#website"},"primaryImageOfPage":{"@id":"https:\/\/curell.com\/ca\/el-tribunal-de-justicia-aclareix-el-concepte-de-comunicacio-al-public-dobres-de-propietat-intel%c2%b7lectual-en-pisos-de-lloguer\/#primaryimage"},"image":{"@id":"https:\/\/curell.com\/ca\/el-tribunal-de-justicia-aclareix-el-concepte-de-comunicacio-al-public-dobres-de-propietat-intel%c2%b7lectual-en-pisos-de-lloguer\/#primaryimage"},"thumbnailUrl":"https:\/\/curell.com\/wp-content\/uploads\/2024\/07\/comunicacion-publico-obras-propiedad-intelectual-pisos-turisticos.png","datePublished":"2024-07-08T14:16:24+00:00","dateModified":"2024-07-12T08:20:20+00:00","breadcrumb":{"@id":"https:\/\/curell.com\/ca\/el-tribunal-de-justicia-aclareix-el-concepte-de-comunicacio-al-public-dobres-de-propietat-intel%c2%b7lectual-en-pisos-de-lloguer\/#breadcrumb"},"inLanguage":"ca","potentialAction":[{"@type":"ReadAction","target":["https:\/\/curell.com\/ca\/el-tribunal-de-justicia-aclareix-el-concepte-de-comunicacio-al-public-dobres-de-propietat-intel%c2%b7lectual-en-pisos-de-lloguer\/"]}]},{"@type":"ImageObject","inLanguage":"ca","@id":"https:\/\/curell.com\/ca\/el-tribunal-de-justicia-aclareix-el-concepte-de-comunicacio-al-public-dobres-de-propietat-intel%c2%b7lectual-en-pisos-de-lloguer\/#primaryimage","url":"https:\/\/curell.com\/wp-content\/uploads\/2024\/07\/comunicacion-publico-obras-propiedad-intelectual-pisos-turisticos.png","contentUrl":"https:\/\/curell.com\/wp-content\/uploads\/2024\/07\/comunicacion-publico-obras-propiedad-intelectual-pisos-turisticos.png","width":1200,"height":628},{"@type":"BreadcrumbList","@id":"https:\/\/curell.com\/ca\/el-tribunal-de-justicia-aclareix-el-concepte-de-comunicacio-al-public-dobres-de-propietat-intel%c2%b7lectual-en-pisos-de-lloguer\/#breadcrumb","itemListElement":[{"@type":"ListItem","position":1,"name":"Portada","item":"https:\/\/curell.com\/ca\/"},{"@type":"ListItem","position":2,"name":"El Tribunal de Just\u00edcia aclareix el concepte de \u201ccomunicaci\u00f3 al p\u00fablic\u201d d&#8217;obres de propietat intel\u00b7lectual en pisos de lloguer"}]},{"@type":"WebSite","@id":"https:\/\/curell.com\/#website","url":"https:\/\/curell.com\/","name":"Curell Su\u00f1ol","description":"Patentes, Marcas y Dise\u00f1os desde 1946","publisher":{"@id":"https:\/\/curell.com\/#organization"},"potentialAction":[{"@type":"SearchAction","target":{"@type":"EntryPoint","urlTemplate":"https:\/\/curell.com\/?s={search_term_string}"},"query-input":{"@type":"PropertyValueSpecification","valueRequired":true,"valueName":"search_term_string"}}],"inLanguage":"ca"},{"@type":"Organization","@id":"https:\/\/curell.com\/#organization","name":"Curell Su\u00f1ol","url":"https:\/\/curell.com\/","logo":{"@type":"ImageObject","inLanguage":"ca","@id":"https:\/\/curell.com\/#\/schema\/logo\/image\/","url":"https:\/\/curell.com\/wp-content\/uploads\/2022\/10\/curell-3.png","contentUrl":"https:\/\/curell.com\/wp-content\/uploads\/2022\/10\/curell-3.png","width":300,"height":70,"caption":"Curell Su\u00f1ol"},"image":{"@id":"https:\/\/curell.com\/#\/schema\/logo\/image\/"},"sameAs":["https:\/\/es.linkedin.com\/company\/curell-su-ol","https:\/\/www.instagram.com\/curell.sunol\/"]},{"@type":"Person","@id":"https:\/\/curell.com\/#\/schema\/person\/1c94ad2a17e2ed17aa5e510ba304ff87","name":"clarapirezcurell@gmail.com","image":{"@type":"ImageObject","inLanguage":"ca","@id":"https:\/\/curell.com\/#\/schema\/person\/image\/","url":"https:\/\/secure.gravatar.com\/avatar\/5ba768f4c1f2dc029882cc058466e728a2fb044efeb07308ce14b58859479d16?s=96&d=mm&r=g","contentUrl":"https:\/\/secure.gravatar.com\/avatar\/5ba768f4c1f2dc029882cc058466e728a2fb044efeb07308ce14b58859479d16?s=96&d=mm&r=g","caption":"clarapirezcurell@gmail.com"},"url":"#"}]}},"_links":{"self":[{"href":"https:\/\/curell.com\/ca\/wp-json\/wp\/v2\/posts\/9283","targetHints":{"allow":["GET"]}}],"collection":[{"href":"https:\/\/curell.com\/ca\/wp-json\/wp\/v2\/posts"}],"about":[{"href":"https:\/\/curell.com\/ca\/wp-json\/wp\/v2\/types\/post"}],"author":[{"embeddable":true,"href":"https:\/\/curell.com\/ca\/wp-json\/wp\/v2\/users\/3"}],"replies":[{"embeddable":true,"href":"https:\/\/curell.com\/ca\/wp-json\/wp\/v2\/comments?post=9283"}],"version-history":[{"count":8,"href":"https:\/\/curell.com\/ca\/wp-json\/wp\/v2\/posts\/9283\/revisions"}],"predecessor-version":[{"id":9334,"href":"https:\/\/curell.com\/ca\/wp-json\/wp\/v2\/posts\/9283\/revisions\/9334"}],"wp:featuredmedia":[{"embeddable":true,"href":"https:\/\/curell.com\/ca\/wp-json\/wp\/v2\/media\/9278"}],"wp:attachment":[{"href":"https:\/\/curell.com\/ca\/wp-json\/wp\/v2\/media?parent=9283"}],"wp:term":[{"taxonomy":"category","embeddable":true,"href":"https:\/\/curell.com\/ca\/wp-json\/wp\/v2\/categories?post=9283"},{"taxonomy":"post_tag","embeddable":true,"href":"https:\/\/curell.com\/ca\/wp-json\/wp\/v2\/tags?post=9283"}],"curies":[{"name":"wp","href":"https:\/\/api.w.org\/{rel}","templated":true}]}}