{"id":41166,"date":"2025-02-04T10:55:15","date_gmt":"2025-02-04T10:55:15","guid":{"rendered":"https:\/\/curell.com\/?p=41166"},"modified":"2025-02-04T11:00:14","modified_gmt":"2025-02-04T11:00:14","slug":"27-30-may-2025-nanomed-europe-2025-barcelona","status":"publish","type":"post","link":"https:\/\/curell.com\/en\/27-30-may-2025-nanomed-europe-2025-barcelona\/","title":{"rendered":"27-30 May 2025 &#8211; NanoMed Europe 2025, Barcelona"},"content":{"rendered":"<p><a href=\"https:\/\/curell.com\/en\/equipo\/claudia-ribera-cuatrecasas\/\">Cl\u00e0udia Ribera<\/a>, associate at Curell Su\u00f1ol, will attend the 20th edition of NanoMed Spain, which will take place from 27 to 30 May 2025 in Barcelona.<\/p>\n<p>Photo by Vitor Monteiro on Unsplash.com<\/p>\n<p>&nbsp;<\/p>\n","protected":false},"excerpt":{"rendered":"<p>Cl\u00e0udia Ribera, associate at Curell Su\u00f1ol, will attend the 20th edition of NanoMed Spain, which will take place from 27 to 30 May 2025 in Barcelona. Photo by Vitor Monteiro on Unsplash.com &nbsp;<\/p>\n","protected":false},"author":3,"featured_media":41086,"comment_status":"closed","ping_status":"open","sticky":false,"template":"","format":"standard","meta":{"footnotes":""},"categories":[42,46],"tags":[],"class_list":["post-41166","post","type-post","status-publish","format-standard","has-post-thumbnail","hentry","category-events","category-pasados-en"],"yoast_head":"<!-- This site is optimized with the Yoast SEO plugin v27.1.1 - https:\/\/yoast.com\/product\/yoast-seo-wordpress\/ -->\n<title>27-30 May 2025 - NanoMed Europe 2025, Barcelona | Curell Su\u00f1ol<\/title>\n<meta name=\"robots\" content=\"index, follow, max-snippet:-1, max-image-preview:large, max-video-preview:-1\" \/>\n<link rel=\"canonical\" href=\"https:\/\/curell.com\/en\/27-30-may-2025-nanomed-europe-2025-barcelona\/\" \/>\n<meta property=\"og:locale\" content=\"en_US\" \/>\n<meta property=\"og:type\" content=\"article\" \/>\n<meta property=\"og:title\" content=\"27-30 May 2025 - NanoMed Europe 2025, Barcelona | Curell Su\u00f1ol\" \/>\n<meta property=\"og:description\" content=\"Cl\u00e0udia Ribera, associate at Curell Su\u00f1ol, will attend the 20th edition of NanoMed Spain, which will take place from 27 to 30 May 2025 in Barcelona. Photo by Vitor Monteiro on Unsplash.com &nbsp;\" \/>\n<meta property=\"og:url\" content=\"https:\/\/curell.com\/en\/27-30-may-2025-nanomed-europe-2025-barcelona\/\" \/>\n<meta property=\"og:site_name\" content=\"Curell Su\u00f1ol\" \/>\n<meta property=\"article:published_time\" content=\"2025-02-04T10:55:15+00:00\" \/>\n<meta property=\"article:modified_time\" content=\"2025-02-04T11:00:14+00:00\" \/>\n<meta property=\"og:image\" content=\"https:\/\/curell.com\/wp-content\/uploads\/2025\/02\/nanomed-spain-2025.png\" \/>\n\t<meta property=\"og:image:width\" content=\"1200\" \/>\n\t<meta property=\"og:image:height\" content=\"628\" \/>\n\t<meta property=\"og:image:type\" content=\"image\/png\" \/>\n<meta name=\"author\" content=\"clarapirezcurell@gmail.com\" \/>\n<meta name=\"twitter:card\" content=\"summary_large_image\" \/>\n<meta name=\"twitter:label1\" content=\"Written by\" \/>\n\t<meta name=\"twitter:data1\" content=\"clarapirezcurell@gmail.com\" \/>\n\t<meta name=\"twitter:label2\" content=\"Est. reading time\" \/>\n\t<meta name=\"twitter:data2\" content=\"1 minute\" \/>\n<script type=\"application\/ld+json\" class=\"yoast-schema-graph\">{\"@context\":\"https:\/\/schema.org\",\"@graph\":[{\"@type\":\"Article\",\"@id\":\"https:\/\/curell.com\/en\/27-30-may-2025-nanomed-europe-2025-barcelona\/#article\",\"isPartOf\":{\"@id\":\"https:\/\/curell.com\/en\/27-30-may-2025-nanomed-europe-2025-barcelona\/\"},\"author\":{\"name\":\"clarapirezcurell@gmail.com\",\"@id\":\"https:\/\/curell.com\/#\/schema\/person\/1c94ad2a17e2ed17aa5e510ba304ff87\"},\"headline\":\"27-30 May 2025 &#8211; NanoMed Europe 2025, Barcelona\",\"datePublished\":\"2025-02-04T10:55:15+00:00\",\"dateModified\":\"2025-02-04T11:00:14+00:00\",\"mainEntityOfPage\":{\"@id\":\"https:\/\/curell.com\/en\/27-30-may-2025-nanomed-europe-2025-barcelona\/\"},\"wordCount\":39,\"publisher\":{\"@id\":\"https:\/\/curell.com\/#organization\"},\"image\":{\"@id\":\"https:\/\/curell.com\/en\/27-30-may-2025-nanomed-europe-2025-barcelona\/#primaryimage\"},\"thumbnailUrl\":\"https:\/\/curell.com\/wp-content\/uploads\/2025\/02\/nanomed-spain-2025.png\",\"articleSection\":[\"Events\",\"Past Events\"],\"inLanguage\":\"en-US\"},{\"@type\":\"WebPage\",\"@id\":\"https:\/\/curell.com\/en\/27-30-may-2025-nanomed-europe-2025-barcelona\/\",\"url\":\"https:\/\/curell.com\/en\/27-30-may-2025-nanomed-europe-2025-barcelona\/\",\"name\":\"27-30 May 2025 - NanoMed Europe 2025, Barcelona | Curell Su\u00f1ol\",\"isPartOf\":{\"@id\":\"https:\/\/curell.com\/#website\"},\"primaryImageOfPage\":{\"@id\":\"https:\/\/curell.com\/en\/27-30-may-2025-nanomed-europe-2025-barcelona\/#primaryimage\"},\"image\":{\"@id\":\"https:\/\/curell.com\/en\/27-30-may-2025-nanomed-europe-2025-barcelona\/#primaryimage\"},\"thumbnailUrl\":\"https:\/\/curell.com\/wp-content\/uploads\/2025\/02\/nanomed-spain-2025.png\",\"datePublished\":\"2025-02-04T10:55:15+00:00\",\"dateModified\":\"2025-02-04T11:00:14+00:00\",\"breadcrumb\":{\"@id\":\"https:\/\/curell.com\/en\/27-30-may-2025-nanomed-europe-2025-barcelona\/#breadcrumb\"},\"inLanguage\":\"en-US\",\"potentialAction\":[{\"@type\":\"ReadAction\",\"target\":[\"https:\/\/curell.com\/en\/27-30-may-2025-nanomed-europe-2025-barcelona\/\"]}]},{\"@type\":\"ImageObject\",\"inLanguage\":\"en-US\",\"@id\":\"https:\/\/curell.com\/en\/27-30-may-2025-nanomed-europe-2025-barcelona\/#primaryimage\",\"url\":\"https:\/\/curell.com\/wp-content\/uploads\/2025\/02\/nanomed-spain-2025.png\",\"contentUrl\":\"https:\/\/curell.com\/wp-content\/uploads\/2025\/02\/nanomed-spain-2025.png\",\"width\":1200,\"height\":628},{\"@type\":\"BreadcrumbList\",\"@id\":\"https:\/\/curell.com\/en\/27-30-may-2025-nanomed-europe-2025-barcelona\/#breadcrumb\",\"itemListElement\":[{\"@type\":\"ListItem\",\"position\":1,\"name\":\"Portada\",\"item\":\"https:\/\/curell.com\/en\/\"},{\"@type\":\"ListItem\",\"position\":2,\"name\":\"27-30 May 2025 &#8211; NanoMed Europe 2025, Barcelona\"}]},{\"@type\":\"WebSite\",\"@id\":\"https:\/\/curell.com\/#website\",\"url\":\"https:\/\/curell.com\/\",\"name\":\"Curell Su\u00f1ol\",\"description\":\"Patentes, Marcas y Dise\u00f1os desde 1946\",\"publisher\":{\"@id\":\"https:\/\/curell.com\/#organization\"},\"potentialAction\":[{\"@type\":\"SearchAction\",\"target\":{\"@type\":\"EntryPoint\",\"urlTemplate\":\"https:\/\/curell.com\/?s={search_term_string}\"},\"query-input\":{\"@type\":\"PropertyValueSpecification\",\"valueRequired\":true,\"valueName\":\"search_term_string\"}}],\"inLanguage\":\"en-US\"},{\"@type\":\"Organization\",\"@id\":\"https:\/\/curell.com\/#organization\",\"name\":\"Curell Su\u00f1ol\",\"url\":\"https:\/\/curell.com\/\",\"logo\":{\"@type\":\"ImageObject\",\"inLanguage\":\"en-US\",\"@id\":\"https:\/\/curell.com\/#\/schema\/logo\/image\/\",\"url\":\"https:\/\/curell.com\/wp-content\/uploads\/2022\/10\/curell-3.png\",\"contentUrl\":\"https:\/\/curell.com\/wp-content\/uploads\/2022\/10\/curell-3.png\",\"width\":300,\"height\":70,\"caption\":\"Curell Su\u00f1ol\"},\"image\":{\"@id\":\"https:\/\/curell.com\/#\/schema\/logo\/image\/\"},\"sameAs\":[\"https:\/\/es.linkedin.com\/company\/curell-su-ol\",\"https:\/\/www.instagram.com\/curell.sunol\/\"]},{\"@type\":\"Person\",\"@id\":\"https:\/\/curell.com\/#\/schema\/person\/1c94ad2a17e2ed17aa5e510ba304ff87\",\"name\":\"clarapirezcurell@gmail.com\",\"image\":{\"@type\":\"ImageObject\",\"inLanguage\":\"en-US\",\"@id\":\"https:\/\/curell.com\/#\/schema\/person\/image\/\",\"url\":\"https:\/\/secure.gravatar.com\/avatar\/5ba768f4c1f2dc029882cc058466e728a2fb044efeb07308ce14b58859479d16?s=96&d=mm&r=g\",\"contentUrl\":\"https:\/\/secure.gravatar.com\/avatar\/5ba768f4c1f2dc029882cc058466e728a2fb044efeb07308ce14b58859479d16?s=96&d=mm&r=g\",\"caption\":\"clarapirezcurell@gmail.com\"},\"url\":\"#\"}]}<\/script>\n<!-- \/ Yoast SEO plugin. -->","yoast_head_json":{"title":"27-30 May 2025 - NanoMed Europe 2025, Barcelona | Curell Su\u00f1ol","robots":{"index":"index","follow":"follow","max-snippet":"max-snippet:-1","max-image-preview":"max-image-preview:large","max-video-preview":"max-video-preview:-1"},"canonical":"https:\/\/curell.com\/en\/27-30-may-2025-nanomed-europe-2025-barcelona\/","og_locale":"en_US","og_type":"article","og_title":"27-30 May 2025 - NanoMed Europe 2025, Barcelona | Curell Su\u00f1ol","og_description":"Cl\u00e0udia Ribera, associate at Curell Su\u00f1ol, will attend the 20th edition of NanoMed Spain, which will take place from 27 to 30 May 2025 in Barcelona. Photo by Vitor Monteiro on Unsplash.com &nbsp;","og_url":"https:\/\/curell.com\/en\/27-30-may-2025-nanomed-europe-2025-barcelona\/","og_site_name":"Curell Su\u00f1ol","article_published_time":"2025-02-04T10:55:15+00:00","article_modified_time":"2025-02-04T11:00:14+00:00","og_image":[{"width":1200,"height":628,"url":"https:\/\/curell.com\/wp-content\/uploads\/2025\/02\/nanomed-spain-2025.png","type":"image\/png"}],"author":"clarapirezcurell@gmail.com","twitter_card":"summary_large_image","twitter_misc":{"Written by":"clarapirezcurell@gmail.com","Est. reading time":"1 minute"},"schema":{"@context":"https:\/\/schema.org","@graph":[{"@type":"Article","@id":"https:\/\/curell.com\/en\/27-30-may-2025-nanomed-europe-2025-barcelona\/#article","isPartOf":{"@id":"https:\/\/curell.com\/en\/27-30-may-2025-nanomed-europe-2025-barcelona\/"},"author":{"name":"clarapirezcurell@gmail.com","@id":"https:\/\/curell.com\/#\/schema\/person\/1c94ad2a17e2ed17aa5e510ba304ff87"},"headline":"27-30 May 2025 &#8211; NanoMed Europe 2025, Barcelona","datePublished":"2025-02-04T10:55:15+00:00","dateModified":"2025-02-04T11:00:14+00:00","mainEntityOfPage":{"@id":"https:\/\/curell.com\/en\/27-30-may-2025-nanomed-europe-2025-barcelona\/"},"wordCount":39,"publisher":{"@id":"https:\/\/curell.com\/#organization"},"image":{"@id":"https:\/\/curell.com\/en\/27-30-may-2025-nanomed-europe-2025-barcelona\/#primaryimage"},"thumbnailUrl":"https:\/\/curell.com\/wp-content\/uploads\/2025\/02\/nanomed-spain-2025.png","articleSection":["Events","Past Events"],"inLanguage":"en-US"},{"@type":"WebPage","@id":"https:\/\/curell.com\/en\/27-30-may-2025-nanomed-europe-2025-barcelona\/","url":"https:\/\/curell.com\/en\/27-30-may-2025-nanomed-europe-2025-barcelona\/","name":"27-30 May 2025 - NanoMed Europe 2025, Barcelona | Curell Su\u00f1ol","isPartOf":{"@id":"https:\/\/curell.com\/#website"},"primaryImageOfPage":{"@id":"https:\/\/curell.com\/en\/27-30-may-2025-nanomed-europe-2025-barcelona\/#primaryimage"},"image":{"@id":"https:\/\/curell.com\/en\/27-30-may-2025-nanomed-europe-2025-barcelona\/#primaryimage"},"thumbnailUrl":"https:\/\/curell.com\/wp-content\/uploads\/2025\/02\/nanomed-spain-2025.png","datePublished":"2025-02-04T10:55:15+00:00","dateModified":"2025-02-04T11:00:14+00:00","breadcrumb":{"@id":"https:\/\/curell.com\/en\/27-30-may-2025-nanomed-europe-2025-barcelona\/#breadcrumb"},"inLanguage":"en-US","potentialAction":[{"@type":"ReadAction","target":["https:\/\/curell.com\/en\/27-30-may-2025-nanomed-europe-2025-barcelona\/"]}]},{"@type":"ImageObject","inLanguage":"en-US","@id":"https:\/\/curell.com\/en\/27-30-may-2025-nanomed-europe-2025-barcelona\/#primaryimage","url":"https:\/\/curell.com\/wp-content\/uploads\/2025\/02\/nanomed-spain-2025.png","contentUrl":"https:\/\/curell.com\/wp-content\/uploads\/2025\/02\/nanomed-spain-2025.png","width":1200,"height":628},{"@type":"BreadcrumbList","@id":"https:\/\/curell.com\/en\/27-30-may-2025-nanomed-europe-2025-barcelona\/#breadcrumb","itemListElement":[{"@type":"ListItem","position":1,"name":"Portada","item":"https:\/\/curell.com\/en\/"},{"@type":"ListItem","position":2,"name":"27-30 May 2025 &#8211; NanoMed Europe 2025, Barcelona"}]},{"@type":"WebSite","@id":"https:\/\/curell.com\/#website","url":"https:\/\/curell.com\/","name":"Curell Su\u00f1ol","description":"Patentes, Marcas y Dise\u00f1os desde 1946","publisher":{"@id":"https:\/\/curell.com\/#organization"},"potentialAction":[{"@type":"SearchAction","target":{"@type":"EntryPoint","urlTemplate":"https:\/\/curell.com\/?s={search_term_string}"},"query-input":{"@type":"PropertyValueSpecification","valueRequired":true,"valueName":"search_term_string"}}],"inLanguage":"en-US"},{"@type":"Organization","@id":"https:\/\/curell.com\/#organization","name":"Curell Su\u00f1ol","url":"https:\/\/curell.com\/","logo":{"@type":"ImageObject","inLanguage":"en-US","@id":"https:\/\/curell.com\/#\/schema\/logo\/image\/","url":"https:\/\/curell.com\/wp-content\/uploads\/2022\/10\/curell-3.png","contentUrl":"https:\/\/curell.com\/wp-content\/uploads\/2022\/10\/curell-3.png","width":300,"height":70,"caption":"Curell Su\u00f1ol"},"image":{"@id":"https:\/\/curell.com\/#\/schema\/logo\/image\/"},"sameAs":["https:\/\/es.linkedin.com\/company\/curell-su-ol","https:\/\/www.instagram.com\/curell.sunol\/"]},{"@type":"Person","@id":"https:\/\/curell.com\/#\/schema\/person\/1c94ad2a17e2ed17aa5e510ba304ff87","name":"clarapirezcurell@gmail.com","image":{"@type":"ImageObject","inLanguage":"en-US","@id":"https:\/\/curell.com\/#\/schema\/person\/image\/","url":"https:\/\/secure.gravatar.com\/avatar\/5ba768f4c1f2dc029882cc058466e728a2fb044efeb07308ce14b58859479d16?s=96&d=mm&r=g","contentUrl":"https:\/\/secure.gravatar.com\/avatar\/5ba768f4c1f2dc029882cc058466e728a2fb044efeb07308ce14b58859479d16?s=96&d=mm&r=g","caption":"clarapirezcurell@gmail.com"},"url":"#"}]}},"_links":{"self":[{"href":"https:\/\/curell.com\/en\/wp-json\/wp\/v2\/posts\/41166","targetHints":{"allow":["GET"]}}],"collection":[{"href":"https:\/\/curell.com\/en\/wp-json\/wp\/v2\/posts"}],"about":[{"href":"https:\/\/curell.com\/en\/wp-json\/wp\/v2\/types\/post"}],"author":[{"embeddable":true,"href":"https:\/\/curell.com\/en\/wp-json\/wp\/v2\/users\/3"}],"replies":[{"embeddable":true,"href":"https:\/\/curell.com\/en\/wp-json\/wp\/v2\/comments?post=41166"}],"version-history":[{"count":1,"href":"https:\/\/curell.com\/en\/wp-json\/wp\/v2\/posts\/41166\/revisions"}],"predecessor-version":[{"id":41167,"href":"https:\/\/curell.com\/en\/wp-json\/wp\/v2\/posts\/41166\/revisions\/41167"}],"wp:featuredmedia":[{"embeddable":true,"href":"https:\/\/curell.com\/en\/wp-json\/wp\/v2\/media\/41086"}],"wp:attachment":[{"href":"https:\/\/curell.com\/en\/wp-json\/wp\/v2\/media?parent=41166"}],"wp:term":[{"taxonomy":"category","embeddable":true,"href":"https:\/\/curell.com\/en\/wp-json\/wp\/v2\/categories?post=41166"},{"taxonomy":"post_tag","embeddable":true,"href":"https:\/\/curell.com\/en\/wp-json\/wp\/v2\/tags?post=41166"}],"curies":[{"name":"wp","href":"https:\/\/api.w.org\/{rel}","templated":true}]}}