{"id":7129,"date":"2023-06-22T06:49:35","date_gmt":"2023-06-22T06:49:35","guid":{"rendered":"https:\/\/curell.com\/?p=7129"},"modified":"2023-06-22T07:35:29","modified_gmt":"2023-06-22T07:35:29","slug":"recognition-managing-ip","status":"publish","type":"post","link":"https:\/\/curell.com\/en\/recognition-managing-ip\/","title":{"rendered":"Best Firm of the Year 2023 &#8211; Spain &#8211; Trademark Prosecution \u2013 MIP Awards"},"content":{"rendered":"<p>We are thrilled to announce CURELL SU\u00d1OL has won the award Best Firm of the Year, Spain, in the category Firm of the Year &#8211; Trademark Prosecution (Patent &amp; Trademark Attorney Firms) at the prestigious Managing Intellectual Property Awards 2023. On behalf of our entire team, Mar\u00eda Ceballos, Isabela Robledo McClymont, Emil Edissonov and Merc\u00e8 Hern\u00e1ndez had the honour to receive the award at a splendid ceremony in London yesterday, 21 June 2023.<\/p>\n<p>This prize recognises our team\u2019s wonderful effort and work, particularly our trademark department. Congratulations to all and everyone at CURELL SU\u00d1OL! We also wish to express our gratitude to our clients and colleagues for their trust.<\/p>\n","protected":false},"excerpt":{"rendered":"<p>We are thrilled to announce CURELL SU\u00d1OL has won the award Best Firm of the Year, Spain, in the category Firm of the Year &#8211; Trademark Prosecution (Patent &amp; Trademark Attorney Firms) at the prestigious Managing Intellectual Property Awards 2023. On behalf of our entire&#8230;<\/p>\n","protected":false},"author":3,"featured_media":7151,"comment_status":"open","ping_status":"open","sticky":false,"template":"","format":"standard","meta":{"footnotes":""},"categories":[36,38],"tags":[],"class_list":["post-7129","post","type-post","status-publish","format-standard","has-post-thumbnail","hentry","category-corporate","category-news"],"yoast_head":"<!-- This site is optimized with the Yoast SEO plugin v27.1.1 - https:\/\/yoast.com\/product\/yoast-seo-wordpress\/ -->\n<title>Best Firm of the Year 2023 - Spain - Trademark Prosecution \u2013 MIP Awards | Curell Su\u00f1ol<\/title>\n<meta name=\"robots\" content=\"index, follow, max-snippet:-1, max-image-preview:large, max-video-preview:-1\" \/>\n<link rel=\"canonical\" href=\"https:\/\/curell.com\/en\/recognition-managing-ip\/\" \/>\n<meta property=\"og:locale\" content=\"en_US\" \/>\n<meta property=\"og:type\" content=\"article\" \/>\n<meta property=\"og:title\" content=\"Best Firm of the Year 2023 - Spain - Trademark Prosecution \u2013 MIP Awards | Curell Su\u00f1ol\" \/>\n<meta property=\"og:description\" content=\"We are thrilled to announce CURELL SU\u00d1OL has won the award Best Firm of the Year, Spain, in the category Firm of the Year &#8211; Trademark Prosecution (Patent &amp; Trademark Attorney Firms) at the prestigious Managing Intellectual Property Awards 2023. On behalf of our entire...\" \/>\n<meta property=\"og:url\" content=\"https:\/\/curell.com\/en\/recognition-managing-ip\/\" \/>\n<meta property=\"og:site_name\" content=\"Curell Su\u00f1ol\" \/>\n<meta property=\"article:published_time\" content=\"2023-06-22T06:49:35+00:00\" \/>\n<meta property=\"article:modified_time\" content=\"2023-06-22T07:35:29+00:00\" \/>\n<meta property=\"og:image\" content=\"https:\/\/curell.com\/wp-content\/uploads\/2023\/06\/IP-premio.png\" \/>\n\t<meta property=\"og:image:width\" content=\"1200\" \/>\n\t<meta property=\"og:image:height\" content=\"628\" \/>\n\t<meta property=\"og:image:type\" content=\"image\/png\" \/>\n<meta name=\"author\" content=\"clarapirezcurell@gmail.com\" \/>\n<meta name=\"twitter:card\" content=\"summary_large_image\" \/>\n<meta name=\"twitter:label1\" content=\"Written by\" \/>\n\t<meta name=\"twitter:data1\" content=\"clarapirezcurell@gmail.com\" \/>\n\t<meta name=\"twitter:label2\" content=\"Est. reading time\" \/>\n\t<meta name=\"twitter:data2\" content=\"1 minute\" \/>\n<script type=\"application\/ld+json\" class=\"yoast-schema-graph\">{\"@context\":\"https:\/\/schema.org\",\"@graph\":[{\"@type\":\"Article\",\"@id\":\"https:\/\/curell.com\/en\/recognition-managing-ip\/#article\",\"isPartOf\":{\"@id\":\"https:\/\/curell.com\/en\/recognition-managing-ip\/\"},\"author\":{\"name\":\"clarapirezcurell@gmail.com\",\"@id\":\"https:\/\/curell.com\/#\/schema\/person\/1c94ad2a17e2ed17aa5e510ba304ff87\"},\"headline\":\"Best Firm of the Year 2023 &#8211; Spain &#8211; Trademark Prosecution \u2013 MIP Awards\",\"datePublished\":\"2023-06-22T06:49:35+00:00\",\"dateModified\":\"2023-06-22T07:35:29+00:00\",\"mainEntityOfPage\":{\"@id\":\"https:\/\/curell.com\/en\/recognition-managing-ip\/\"},\"wordCount\":123,\"commentCount\":0,\"publisher\":{\"@id\":\"https:\/\/curell.com\/#organization\"},\"image\":{\"@id\":\"https:\/\/curell.com\/en\/recognition-managing-ip\/#primaryimage\"},\"thumbnailUrl\":\"https:\/\/curell.com\/wp-content\/uploads\/2023\/06\/IP-premio.png\",\"articleSection\":[\"Corporate\",\"News\"],\"inLanguage\":\"en-US\",\"potentialAction\":[{\"@type\":\"CommentAction\",\"name\":\"Comment\",\"target\":[\"https:\/\/curell.com\/en\/recognition-managing-ip\/#respond\"]}]},{\"@type\":\"WebPage\",\"@id\":\"https:\/\/curell.com\/en\/recognition-managing-ip\/\",\"url\":\"https:\/\/curell.com\/en\/recognition-managing-ip\/\",\"name\":\"Best Firm of the Year 2023 - Spain - Trademark Prosecution \u2013 MIP Awards | Curell Su\u00f1ol\",\"isPartOf\":{\"@id\":\"https:\/\/curell.com\/#website\"},\"primaryImageOfPage\":{\"@id\":\"https:\/\/curell.com\/en\/recognition-managing-ip\/#primaryimage\"},\"image\":{\"@id\":\"https:\/\/curell.com\/en\/recognition-managing-ip\/#primaryimage\"},\"thumbnailUrl\":\"https:\/\/curell.com\/wp-content\/uploads\/2023\/06\/IP-premio.png\",\"datePublished\":\"2023-06-22T06:49:35+00:00\",\"dateModified\":\"2023-06-22T07:35:29+00:00\",\"breadcrumb\":{\"@id\":\"https:\/\/curell.com\/en\/recognition-managing-ip\/#breadcrumb\"},\"inLanguage\":\"en-US\",\"potentialAction\":[{\"@type\":\"ReadAction\",\"target\":[\"https:\/\/curell.com\/en\/recognition-managing-ip\/\"]}]},{\"@type\":\"ImageObject\",\"inLanguage\":\"en-US\",\"@id\":\"https:\/\/curell.com\/en\/recognition-managing-ip\/#primaryimage\",\"url\":\"https:\/\/curell.com\/wp-content\/uploads\/2023\/06\/IP-premio.png\",\"contentUrl\":\"https:\/\/curell.com\/wp-content\/uploads\/2023\/06\/IP-premio.png\",\"width\":1200,\"height\":628},{\"@type\":\"BreadcrumbList\",\"@id\":\"https:\/\/curell.com\/en\/recognition-managing-ip\/#breadcrumb\",\"itemListElement\":[{\"@type\":\"ListItem\",\"position\":1,\"name\":\"Portada\",\"item\":\"https:\/\/curell.com\/en\/\"},{\"@type\":\"ListItem\",\"position\":2,\"name\":\"Best Firm of the Year 2023 &#8211; Spain &#8211; Trademark Prosecution \u2013 MIP Awards\"}]},{\"@type\":\"WebSite\",\"@id\":\"https:\/\/curell.com\/#website\",\"url\":\"https:\/\/curell.com\/\",\"name\":\"Curell Su\u00f1ol\",\"description\":\"Patentes, Marcas y Dise\u00f1os desde 1946\",\"publisher\":{\"@id\":\"https:\/\/curell.com\/#organization\"},\"potentialAction\":[{\"@type\":\"SearchAction\",\"target\":{\"@type\":\"EntryPoint\",\"urlTemplate\":\"https:\/\/curell.com\/?s={search_term_string}\"},\"query-input\":{\"@type\":\"PropertyValueSpecification\",\"valueRequired\":true,\"valueName\":\"search_term_string\"}}],\"inLanguage\":\"en-US\"},{\"@type\":\"Organization\",\"@id\":\"https:\/\/curell.com\/#organization\",\"name\":\"Curell Su\u00f1ol\",\"url\":\"https:\/\/curell.com\/\",\"logo\":{\"@type\":\"ImageObject\",\"inLanguage\":\"en-US\",\"@id\":\"https:\/\/curell.com\/#\/schema\/logo\/image\/\",\"url\":\"https:\/\/curell.com\/wp-content\/uploads\/2022\/10\/curell-3.png\",\"contentUrl\":\"https:\/\/curell.com\/wp-content\/uploads\/2022\/10\/curell-3.png\",\"width\":300,\"height\":70,\"caption\":\"Curell Su\u00f1ol\"},\"image\":{\"@id\":\"https:\/\/curell.com\/#\/schema\/logo\/image\/\"},\"sameAs\":[\"https:\/\/es.linkedin.com\/company\/curell-su-ol\",\"https:\/\/www.instagram.com\/curell.sunol\/\"]},{\"@type\":\"Person\",\"@id\":\"https:\/\/curell.com\/#\/schema\/person\/1c94ad2a17e2ed17aa5e510ba304ff87\",\"name\":\"clarapirezcurell@gmail.com\",\"image\":{\"@type\":\"ImageObject\",\"inLanguage\":\"en-US\",\"@id\":\"https:\/\/curell.com\/#\/schema\/person\/image\/\",\"url\":\"https:\/\/secure.gravatar.com\/avatar\/5ba768f4c1f2dc029882cc058466e728a2fb044efeb07308ce14b58859479d16?s=96&d=mm&r=g\",\"contentUrl\":\"https:\/\/secure.gravatar.com\/avatar\/5ba768f4c1f2dc029882cc058466e728a2fb044efeb07308ce14b58859479d16?s=96&d=mm&r=g\",\"caption\":\"clarapirezcurell@gmail.com\"},\"url\":\"#\"}]}<\/script>\n<!-- \/ Yoast SEO plugin. -->","yoast_head_json":{"title":"Best Firm of the Year 2023 - Spain - Trademark Prosecution \u2013 MIP Awards | Curell Su\u00f1ol","robots":{"index":"index","follow":"follow","max-snippet":"max-snippet:-1","max-image-preview":"max-image-preview:large","max-video-preview":"max-video-preview:-1"},"canonical":"https:\/\/curell.com\/en\/recognition-managing-ip\/","og_locale":"en_US","og_type":"article","og_title":"Best Firm of the Year 2023 - Spain - Trademark Prosecution \u2013 MIP Awards | Curell Su\u00f1ol","og_description":"We are thrilled to announce CURELL SU\u00d1OL has won the award Best Firm of the Year, Spain, in the category Firm of the Year &#8211; Trademark Prosecution (Patent &amp; Trademark Attorney Firms) at the prestigious Managing Intellectual Property Awards 2023. On behalf of our entire...","og_url":"https:\/\/curell.com\/en\/recognition-managing-ip\/","og_site_name":"Curell Su\u00f1ol","article_published_time":"2023-06-22T06:49:35+00:00","article_modified_time":"2023-06-22T07:35:29+00:00","og_image":[{"width":1200,"height":628,"url":"https:\/\/curell.com\/wp-content\/uploads\/2023\/06\/IP-premio.png","type":"image\/png"}],"author":"clarapirezcurell@gmail.com","twitter_card":"summary_large_image","twitter_misc":{"Written by":"clarapirezcurell@gmail.com","Est. reading time":"1 minute"},"schema":{"@context":"https:\/\/schema.org","@graph":[{"@type":"Article","@id":"https:\/\/curell.com\/en\/recognition-managing-ip\/#article","isPartOf":{"@id":"https:\/\/curell.com\/en\/recognition-managing-ip\/"},"author":{"name":"clarapirezcurell@gmail.com","@id":"https:\/\/curell.com\/#\/schema\/person\/1c94ad2a17e2ed17aa5e510ba304ff87"},"headline":"Best Firm of the Year 2023 &#8211; Spain &#8211; Trademark Prosecution \u2013 MIP Awards","datePublished":"2023-06-22T06:49:35+00:00","dateModified":"2023-06-22T07:35:29+00:00","mainEntityOfPage":{"@id":"https:\/\/curell.com\/en\/recognition-managing-ip\/"},"wordCount":123,"commentCount":0,"publisher":{"@id":"https:\/\/curell.com\/#organization"},"image":{"@id":"https:\/\/curell.com\/en\/recognition-managing-ip\/#primaryimage"},"thumbnailUrl":"https:\/\/curell.com\/wp-content\/uploads\/2023\/06\/IP-premio.png","articleSection":["Corporate","News"],"inLanguage":"en-US","potentialAction":[{"@type":"CommentAction","name":"Comment","target":["https:\/\/curell.com\/en\/recognition-managing-ip\/#respond"]}]},{"@type":"WebPage","@id":"https:\/\/curell.com\/en\/recognition-managing-ip\/","url":"https:\/\/curell.com\/en\/recognition-managing-ip\/","name":"Best Firm of the Year 2023 - Spain - Trademark Prosecution \u2013 MIP Awards | Curell Su\u00f1ol","isPartOf":{"@id":"https:\/\/curell.com\/#website"},"primaryImageOfPage":{"@id":"https:\/\/curell.com\/en\/recognition-managing-ip\/#primaryimage"},"image":{"@id":"https:\/\/curell.com\/en\/recognition-managing-ip\/#primaryimage"},"thumbnailUrl":"https:\/\/curell.com\/wp-content\/uploads\/2023\/06\/IP-premio.png","datePublished":"2023-06-22T06:49:35+00:00","dateModified":"2023-06-22T07:35:29+00:00","breadcrumb":{"@id":"https:\/\/curell.com\/en\/recognition-managing-ip\/#breadcrumb"},"inLanguage":"en-US","potentialAction":[{"@type":"ReadAction","target":["https:\/\/curell.com\/en\/recognition-managing-ip\/"]}]},{"@type":"ImageObject","inLanguage":"en-US","@id":"https:\/\/curell.com\/en\/recognition-managing-ip\/#primaryimage","url":"https:\/\/curell.com\/wp-content\/uploads\/2023\/06\/IP-premio.png","contentUrl":"https:\/\/curell.com\/wp-content\/uploads\/2023\/06\/IP-premio.png","width":1200,"height":628},{"@type":"BreadcrumbList","@id":"https:\/\/curell.com\/en\/recognition-managing-ip\/#breadcrumb","itemListElement":[{"@type":"ListItem","position":1,"name":"Portada","item":"https:\/\/curell.com\/en\/"},{"@type":"ListItem","position":2,"name":"Best Firm of the Year 2023 &#8211; Spain &#8211; Trademark Prosecution \u2013 MIP Awards"}]},{"@type":"WebSite","@id":"https:\/\/curell.com\/#website","url":"https:\/\/curell.com\/","name":"Curell Su\u00f1ol","description":"Patentes, Marcas y Dise\u00f1os desde 1946","publisher":{"@id":"https:\/\/curell.com\/#organization"},"potentialAction":[{"@type":"SearchAction","target":{"@type":"EntryPoint","urlTemplate":"https:\/\/curell.com\/?s={search_term_string}"},"query-input":{"@type":"PropertyValueSpecification","valueRequired":true,"valueName":"search_term_string"}}],"inLanguage":"en-US"},{"@type":"Organization","@id":"https:\/\/curell.com\/#organization","name":"Curell Su\u00f1ol","url":"https:\/\/curell.com\/","logo":{"@type":"ImageObject","inLanguage":"en-US","@id":"https:\/\/curell.com\/#\/schema\/logo\/image\/","url":"https:\/\/curell.com\/wp-content\/uploads\/2022\/10\/curell-3.png","contentUrl":"https:\/\/curell.com\/wp-content\/uploads\/2022\/10\/curell-3.png","width":300,"height":70,"caption":"Curell Su\u00f1ol"},"image":{"@id":"https:\/\/curell.com\/#\/schema\/logo\/image\/"},"sameAs":["https:\/\/es.linkedin.com\/company\/curell-su-ol","https:\/\/www.instagram.com\/curell.sunol\/"]},{"@type":"Person","@id":"https:\/\/curell.com\/#\/schema\/person\/1c94ad2a17e2ed17aa5e510ba304ff87","name":"clarapirezcurell@gmail.com","image":{"@type":"ImageObject","inLanguage":"en-US","@id":"https:\/\/curell.com\/#\/schema\/person\/image\/","url":"https:\/\/secure.gravatar.com\/avatar\/5ba768f4c1f2dc029882cc058466e728a2fb044efeb07308ce14b58859479d16?s=96&d=mm&r=g","contentUrl":"https:\/\/secure.gravatar.com\/avatar\/5ba768f4c1f2dc029882cc058466e728a2fb044efeb07308ce14b58859479d16?s=96&d=mm&r=g","caption":"clarapirezcurell@gmail.com"},"url":"#"}]}},"_links":{"self":[{"href":"https:\/\/curell.com\/en\/wp-json\/wp\/v2\/posts\/7129","targetHints":{"allow":["GET"]}}],"collection":[{"href":"https:\/\/curell.com\/en\/wp-json\/wp\/v2\/posts"}],"about":[{"href":"https:\/\/curell.com\/en\/wp-json\/wp\/v2\/types\/post"}],"author":[{"embeddable":true,"href":"https:\/\/curell.com\/en\/wp-json\/wp\/v2\/users\/3"}],"replies":[{"embeddable":true,"href":"https:\/\/curell.com\/en\/wp-json\/wp\/v2\/comments?post=7129"}],"version-history":[{"count":4,"href":"https:\/\/curell.com\/en\/wp-json\/wp\/v2\/posts\/7129\/revisions"}],"predecessor-version":[{"id":7158,"href":"https:\/\/curell.com\/en\/wp-json\/wp\/v2\/posts\/7129\/revisions\/7158"}],"wp:featuredmedia":[{"embeddable":true,"href":"https:\/\/curell.com\/en\/wp-json\/wp\/v2\/media\/7151"}],"wp:attachment":[{"href":"https:\/\/curell.com\/en\/wp-json\/wp\/v2\/media?parent=7129"}],"wp:term":[{"taxonomy":"category","embeddable":true,"href":"https:\/\/curell.com\/en\/wp-json\/wp\/v2\/categories?post=7129"},{"taxonomy":"post_tag","embeddable":true,"href":"https:\/\/curell.com\/en\/wp-json\/wp\/v2\/tags?post=7129"}],"curies":[{"name":"wp","href":"https:\/\/api.w.org\/{rel}","templated":true}]}}