{"id":78677,"date":"2026-09-01T18:41:40","date_gmt":"2026-09-01T18:41:40","guid":{"rendered":"https:\/\/curell.com\/?p=78677"},"modified":"2026-09-01T18:45:32","modified_gmt":"2026-09-01T18:45:32","slug":"15-16-october-2026-ecta-autumn-meeting-porto-portugal","status":"publish","type":"post","link":"https:\/\/curell.com\/en\/15-16-october-2026-ecta-autumn-meeting-porto-portugal\/","title":{"rendered":"15-16 October 2026 &#8211; ECTA Autumn Meeting, Porto, Portugal"},"content":{"rendered":"<p class=\"PDq2pG_selectionAnchorContainer\" data-start=\"1153\" data-end=\"1304\">Our partners Merc\u00e8 Hern\u00e1ndez and Emil Edissonov will attend the <strong data-start=\"1217\" data-end=\"1245\">ECTA Autumn Meeting 2026<\/strong>, which will take place in Porto on 15 and 16 October 2026.<\/p>\n<p data-start=\"1306\" data-end=\"1586\">The meeting will bring together ECTA committee and board members to discuss current issues relating to trade marks and other intellectual property rights, while continuing to foster dialogue and collaboration within the European IP community.<\/p>\n<p data-start=\"1306\" data-end=\"1586\">Photo by Jan Such\u00e1nek on <a href=\"https:\/\/unsplash.com\/photos\/blue-and-white-tiled-wall-with-ornate-patterns-o1-PHMfclHA?utm_source=unsplash&amp;utm_medium=referral&amp;utm_content=creditCopyText\">Unsplash<\/a><\/p>\n","protected":false},"excerpt":{"rendered":"<p>Our partners Merc\u00e8 Hern\u00e1ndez and Emil Edissonov will attend the ECTA Autumn Meeting 2026, which will take place in Porto on 15 and 16 October 2026. The meeting will bring together ECTA committee and board members to discuss current issues relating to trade marks and&#8230;<\/p>\n","protected":false},"author":3,"featured_media":78673,"comment_status":"closed","ping_status":"open","sticky":false,"template":"","format":"standard","meta":{"footnotes":""},"categories":[82,42,44],"tags":[],"class_list":["post-78677","post","type-post","status-publish","format-standard","has-post-thumbnail","hentry","category-current","category-events","category-featured-events"],"yoast_head":"<!-- This site is optimized with the Yoast SEO plugin v27.9 - https:\/\/yoast.com\/product\/yoast-seo-wordpress\/ -->\n<title>15-16 October 2026 - ECTA Autumn Meeting, Porto, Portugal | Curell Su\u00f1ol<\/title>\n<meta name=\"robots\" content=\"index, follow, max-snippet:-1, max-image-preview:large, max-video-preview:-1\" \/>\n<link rel=\"canonical\" href=\"https:\/\/curell.com\/en\/15-16-october-2026-ecta-autumn-meeting-porto-portugal\/\" \/>\n<meta property=\"og:locale\" content=\"en_US\" \/>\n<meta property=\"og:type\" content=\"article\" \/>\n<meta property=\"og:title\" content=\"15-16 October 2026 - ECTA Autumn Meeting, Porto, Portugal | Curell Su\u00f1ol\" \/>\n<meta property=\"og:description\" content=\"Our partners Merc\u00e8 Hern\u00e1ndez and Emil Edissonov will attend the ECTA Autumn Meeting 2026, which will take place in Porto on 15 and 16 October 2026. The meeting will bring together ECTA committee and board members to discuss current issues relating to trade marks and...\" \/>\n<meta property=\"og:url\" content=\"https:\/\/curell.com\/en\/15-16-october-2026-ecta-autumn-meeting-porto-portugal\/\" \/>\n<meta property=\"og:site_name\" content=\"Curell Su\u00f1ol\" \/>\n<meta property=\"article:published_time\" content=\"2026-09-01T18:41:40+00:00\" \/>\n<meta property=\"article:modified_time\" content=\"2026-09-01T18:45:32+00:00\" \/>\n<meta property=\"og:image\" content=\"https:\/\/curell.com\/wp-content\/uploads\/2026\/09\/ecta-2026-autumn-meeting-1024x536.png\" \/>\n\t<meta property=\"og:image:width\" content=\"1024\" \/>\n\t<meta property=\"og:image:height\" content=\"536\" \/>\n\t<meta property=\"og:image:type\" content=\"image\/png\" \/>\n<meta name=\"author\" content=\"clarapirezcurell@gmail.com\" \/>\n<meta name=\"twitter:card\" content=\"summary_large_image\" \/>\n<meta name=\"twitter:label1\" content=\"Written by\" \/>\n\t<meta name=\"twitter:data1\" content=\"clarapirezcurell@gmail.com\" \/>\n\t<meta name=\"twitter:label2\" content=\"Est. reading time\" \/>\n\t<meta name=\"twitter:data2\" content=\"1 minute\" \/>\n<script type=\"application\/ld+json\" class=\"yoast-schema-graph\">{\"@context\":\"https:\\\/\\\/schema.org\",\"@graph\":[{\"@type\":\"Article\",\"@id\":\"https:\\\/\\\/curell.com\\\/en\\\/15-16-october-2026-ecta-autumn-meeting-porto-portugal\\\/#article\",\"isPartOf\":{\"@id\":\"https:\\\/\\\/curell.com\\\/en\\\/15-16-october-2026-ecta-autumn-meeting-porto-portugal\\\/\"},\"author\":{\"name\":\"clarapirezcurell@gmail.com\",\"@id\":\"https:\\\/\\\/curell.com\\\/#\\\/schema\\\/person\\\/1c94ad2a17e2ed17aa5e510ba304ff87\"},\"headline\":\"15-16 October 2026 &#8211; ECTA Autumn Meeting, Porto, Portugal\",\"datePublished\":\"2026-09-01T18:41:40+00:00\",\"dateModified\":\"2026-09-01T18:45:32+00:00\",\"mainEntityOfPage\":{\"@id\":\"https:\\\/\\\/curell.com\\\/en\\\/15-16-october-2026-ecta-autumn-meeting-porto-portugal\\\/\"},\"wordCount\":73,\"publisher\":{\"@id\":\"https:\\\/\\\/curell.com\\\/#organization\"},\"image\":{\"@id\":\"https:\\\/\\\/curell.com\\\/en\\\/15-16-october-2026-ecta-autumn-meeting-porto-portugal\\\/#primaryimage\"},\"thumbnailUrl\":\"https:\\\/\\\/curell.com\\\/wp-content\\\/uploads\\\/2026\\\/09\\\/ecta-2026-autumn-meeting.png\",\"articleSection\":[\"Current\",\"Events\",\"Featured Events\"],\"inLanguage\":\"en-US\"},{\"@type\":\"WebPage\",\"@id\":\"https:\\\/\\\/curell.com\\\/en\\\/15-16-october-2026-ecta-autumn-meeting-porto-portugal\\\/\",\"url\":\"https:\\\/\\\/curell.com\\\/en\\\/15-16-october-2026-ecta-autumn-meeting-porto-portugal\\\/\",\"name\":\"15-16 October 2026 - ECTA Autumn Meeting, Porto, Portugal | Curell Su\u00f1ol\",\"isPartOf\":{\"@id\":\"https:\\\/\\\/curell.com\\\/#website\"},\"primaryImageOfPage\":{\"@id\":\"https:\\\/\\\/curell.com\\\/en\\\/15-16-october-2026-ecta-autumn-meeting-porto-portugal\\\/#primaryimage\"},\"image\":{\"@id\":\"https:\\\/\\\/curell.com\\\/en\\\/15-16-october-2026-ecta-autumn-meeting-porto-portugal\\\/#primaryimage\"},\"thumbnailUrl\":\"https:\\\/\\\/curell.com\\\/wp-content\\\/uploads\\\/2026\\\/09\\\/ecta-2026-autumn-meeting.png\",\"datePublished\":\"2026-09-01T18:41:40+00:00\",\"dateModified\":\"2026-09-01T18:45:32+00:00\",\"breadcrumb\":{\"@id\":\"https:\\\/\\\/curell.com\\\/en\\\/15-16-october-2026-ecta-autumn-meeting-porto-portugal\\\/#breadcrumb\"},\"inLanguage\":\"en-US\",\"potentialAction\":[{\"@type\":\"ReadAction\",\"target\":[\"https:\\\/\\\/curell.com\\\/en\\\/15-16-october-2026-ecta-autumn-meeting-porto-portugal\\\/\"]}]},{\"@type\":\"ImageObject\",\"inLanguage\":\"en-US\",\"@id\":\"https:\\\/\\\/curell.com\\\/en\\\/15-16-october-2026-ecta-autumn-meeting-porto-portugal\\\/#primaryimage\",\"url\":\"https:\\\/\\\/curell.com\\\/wp-content\\\/uploads\\\/2026\\\/09\\\/ecta-2026-autumn-meeting.png\",\"contentUrl\":\"https:\\\/\\\/curell.com\\\/wp-content\\\/uploads\\\/2026\\\/09\\\/ecta-2026-autumn-meeting.png\",\"width\":1200,\"height\":628},{\"@type\":\"BreadcrumbList\",\"@id\":\"https:\\\/\\\/curell.com\\\/en\\\/15-16-october-2026-ecta-autumn-meeting-porto-portugal\\\/#breadcrumb\",\"itemListElement\":[{\"@type\":\"ListItem\",\"position\":1,\"name\":\"Portada\",\"item\":\"https:\\\/\\\/curell.com\\\/en\\\/\"},{\"@type\":\"ListItem\",\"position\":2,\"name\":\"15-16 October 2026 &#8211; ECTA Autumn Meeting, Porto, Portugal\"}]},{\"@type\":\"WebSite\",\"@id\":\"https:\\\/\\\/curell.com\\\/#website\",\"url\":\"https:\\\/\\\/curell.com\\\/\",\"name\":\"Curell Su\u00f1ol\",\"description\":\"Patentes, Marcas y Dise\u00f1os desde 1946\",\"publisher\":{\"@id\":\"https:\\\/\\\/curell.com\\\/#organization\"},\"potentialAction\":[{\"@type\":\"SearchAction\",\"target\":{\"@type\":\"EntryPoint\",\"urlTemplate\":\"https:\\\/\\\/curell.com\\\/?s={search_term_string}\"},\"query-input\":{\"@type\":\"PropertyValueSpecification\",\"valueRequired\":true,\"valueName\":\"search_term_string\"}}],\"inLanguage\":\"en-US\"},{\"@type\":\"Organization\",\"@id\":\"https:\\\/\\\/curell.com\\\/#organization\",\"name\":\"Curell Su\u00f1ol\",\"url\":\"https:\\\/\\\/curell.com\\\/\",\"logo\":{\"@type\":\"ImageObject\",\"inLanguage\":\"en-US\",\"@id\":\"https:\\\/\\\/curell.com\\\/#\\\/schema\\\/logo\\\/image\\\/\",\"url\":\"https:\\\/\\\/curell.com\\\/wp-content\\\/uploads\\\/2022\\\/10\\\/curell-3.png\",\"contentUrl\":\"https:\\\/\\\/curell.com\\\/wp-content\\\/uploads\\\/2022\\\/10\\\/curell-3.png\",\"width\":300,\"height\":70,\"caption\":\"Curell Su\u00f1ol\"},\"image\":{\"@id\":\"https:\\\/\\\/curell.com\\\/#\\\/schema\\\/logo\\\/image\\\/\"},\"sameAs\":[\"https:\\\/\\\/es.linkedin.com\\\/company\\\/curell-su-ol\",\"https:\\\/\\\/www.instagram.com\\\/curell.sunol\\\/\"]},{\"@type\":\"Person\",\"@id\":\"https:\\\/\\\/curell.com\\\/#\\\/schema\\\/person\\\/1c94ad2a17e2ed17aa5e510ba304ff87\",\"name\":\"clarapirezcurell@gmail.com\",\"image\":{\"@type\":\"ImageObject\",\"inLanguage\":\"en-US\",\"@id\":\"https:\\\/\\\/secure.gravatar.com\\\/avatar\\\/5ba768f4c1f2dc029882cc058466e728a2fb044efeb07308ce14b58859479d16?s=96&d=mm&r=g\",\"url\":\"https:\\\/\\\/secure.gravatar.com\\\/avatar\\\/5ba768f4c1f2dc029882cc058466e728a2fb044efeb07308ce14b58859479d16?s=96&d=mm&r=g\",\"contentUrl\":\"https:\\\/\\\/secure.gravatar.com\\\/avatar\\\/5ba768f4c1f2dc029882cc058466e728a2fb044efeb07308ce14b58859479d16?s=96&d=mm&r=g\",\"caption\":\"clarapirezcurell@gmail.com\"},\"url\":\"#\"}]}<\/script>\n<!-- \/ Yoast SEO plugin. -->","yoast_head_json":{"title":"15-16 October 2026 - ECTA Autumn Meeting, Porto, Portugal | Curell Su\u00f1ol","robots":{"index":"index","follow":"follow","max-snippet":"max-snippet:-1","max-image-preview":"max-image-preview:large","max-video-preview":"max-video-preview:-1"},"canonical":"https:\/\/curell.com\/en\/15-16-october-2026-ecta-autumn-meeting-porto-portugal\/","og_locale":"en_US","og_type":"article","og_title":"15-16 October 2026 - ECTA Autumn Meeting, Porto, Portugal | Curell Su\u00f1ol","og_description":"Our partners Merc\u00e8 Hern\u00e1ndez and Emil Edissonov will attend the ECTA Autumn Meeting 2026, which will take place in Porto on 15 and 16 October 2026. The meeting will bring together ECTA committee and board members to discuss current issues relating to trade marks and...","og_url":"https:\/\/curell.com\/en\/15-16-october-2026-ecta-autumn-meeting-porto-portugal\/","og_site_name":"Curell Su\u00f1ol","article_published_time":"2026-09-01T18:41:40+00:00","article_modified_time":"2026-09-01T18:45:32+00:00","og_image":[{"width":1024,"height":536,"url":"https:\/\/curell.com\/wp-content\/uploads\/2026\/09\/ecta-2026-autumn-meeting-1024x536.png","type":"image\/png"}],"author":"clarapirezcurell@gmail.com","twitter_card":"summary_large_image","twitter_misc":{"Written by":"clarapirezcurell@gmail.com","Est. reading time":"1 minute"},"schema":{"@context":"https:\/\/schema.org","@graph":[{"@type":"Article","@id":"https:\/\/curell.com\/en\/15-16-october-2026-ecta-autumn-meeting-porto-portugal\/#article","isPartOf":{"@id":"https:\/\/curell.com\/en\/15-16-october-2026-ecta-autumn-meeting-porto-portugal\/"},"author":{"name":"clarapirezcurell@gmail.com","@id":"https:\/\/curell.com\/#\/schema\/person\/1c94ad2a17e2ed17aa5e510ba304ff87"},"headline":"15-16 October 2026 &#8211; ECTA Autumn Meeting, Porto, Portugal","datePublished":"2026-09-01T18:41:40+00:00","dateModified":"2026-09-01T18:45:32+00:00","mainEntityOfPage":{"@id":"https:\/\/curell.com\/en\/15-16-october-2026-ecta-autumn-meeting-porto-portugal\/"},"wordCount":73,"publisher":{"@id":"https:\/\/curell.com\/#organization"},"image":{"@id":"https:\/\/curell.com\/en\/15-16-october-2026-ecta-autumn-meeting-porto-portugal\/#primaryimage"},"thumbnailUrl":"https:\/\/curell.com\/wp-content\/uploads\/2026\/09\/ecta-2026-autumn-meeting.png","articleSection":["Current","Events","Featured Events"],"inLanguage":"en-US"},{"@type":"WebPage","@id":"https:\/\/curell.com\/en\/15-16-october-2026-ecta-autumn-meeting-porto-portugal\/","url":"https:\/\/curell.com\/en\/15-16-october-2026-ecta-autumn-meeting-porto-portugal\/","name":"15-16 October 2026 - ECTA Autumn Meeting, Porto, Portugal | Curell Su\u00f1ol","isPartOf":{"@id":"https:\/\/curell.com\/#website"},"primaryImageOfPage":{"@id":"https:\/\/curell.com\/en\/15-16-october-2026-ecta-autumn-meeting-porto-portugal\/#primaryimage"},"image":{"@id":"https:\/\/curell.com\/en\/15-16-october-2026-ecta-autumn-meeting-porto-portugal\/#primaryimage"},"thumbnailUrl":"https:\/\/curell.com\/wp-content\/uploads\/2026\/09\/ecta-2026-autumn-meeting.png","datePublished":"2026-09-01T18:41:40+00:00","dateModified":"2026-09-01T18:45:32+00:00","breadcrumb":{"@id":"https:\/\/curell.com\/en\/15-16-october-2026-ecta-autumn-meeting-porto-portugal\/#breadcrumb"},"inLanguage":"en-US","potentialAction":[{"@type":"ReadAction","target":["https:\/\/curell.com\/en\/15-16-october-2026-ecta-autumn-meeting-porto-portugal\/"]}]},{"@type":"ImageObject","inLanguage":"en-US","@id":"https:\/\/curell.com\/en\/15-16-october-2026-ecta-autumn-meeting-porto-portugal\/#primaryimage","url":"https:\/\/curell.com\/wp-content\/uploads\/2026\/09\/ecta-2026-autumn-meeting.png","contentUrl":"https:\/\/curell.com\/wp-content\/uploads\/2026\/09\/ecta-2026-autumn-meeting.png","width":1200,"height":628},{"@type":"BreadcrumbList","@id":"https:\/\/curell.com\/en\/15-16-october-2026-ecta-autumn-meeting-porto-portugal\/#breadcrumb","itemListElement":[{"@type":"ListItem","position":1,"name":"Portada","item":"https:\/\/curell.com\/en\/"},{"@type":"ListItem","position":2,"name":"15-16 October 2026 &#8211; ECTA Autumn Meeting, Porto, Portugal"}]},{"@type":"WebSite","@id":"https:\/\/curell.com\/#website","url":"https:\/\/curell.com\/","name":"Curell Su\u00f1ol","description":"Patentes, Marcas y Dise\u00f1os desde 1946","publisher":{"@id":"https:\/\/curell.com\/#organization"},"potentialAction":[{"@type":"SearchAction","target":{"@type":"EntryPoint","urlTemplate":"https:\/\/curell.com\/?s={search_term_string}"},"query-input":{"@type":"PropertyValueSpecification","valueRequired":true,"valueName":"search_term_string"}}],"inLanguage":"en-US"},{"@type":"Organization","@id":"https:\/\/curell.com\/#organization","name":"Curell Su\u00f1ol","url":"https:\/\/curell.com\/","logo":{"@type":"ImageObject","inLanguage":"en-US","@id":"https:\/\/curell.com\/#\/schema\/logo\/image\/","url":"https:\/\/curell.com\/wp-content\/uploads\/2022\/10\/curell-3.png","contentUrl":"https:\/\/curell.com\/wp-content\/uploads\/2022\/10\/curell-3.png","width":300,"height":70,"caption":"Curell Su\u00f1ol"},"image":{"@id":"https:\/\/curell.com\/#\/schema\/logo\/image\/"},"sameAs":["https:\/\/es.linkedin.com\/company\/curell-su-ol","https:\/\/www.instagram.com\/curell.sunol\/"]},{"@type":"Person","@id":"https:\/\/curell.com\/#\/schema\/person\/1c94ad2a17e2ed17aa5e510ba304ff87","name":"clarapirezcurell@gmail.com","image":{"@type":"ImageObject","inLanguage":"en-US","@id":"https:\/\/secure.gravatar.com\/avatar\/5ba768f4c1f2dc029882cc058466e728a2fb044efeb07308ce14b58859479d16?s=96&d=mm&r=g","url":"https:\/\/secure.gravatar.com\/avatar\/5ba768f4c1f2dc029882cc058466e728a2fb044efeb07308ce14b58859479d16?s=96&d=mm&r=g","contentUrl":"https:\/\/secure.gravatar.com\/avatar\/5ba768f4c1f2dc029882cc058466e728a2fb044efeb07308ce14b58859479d16?s=96&d=mm&r=g","caption":"clarapirezcurell@gmail.com"},"url":"#"}]}},"_links":{"self":[{"href":"https:\/\/curell.com\/en\/wp-json\/wp\/v2\/posts\/78677","targetHints":{"allow":["GET"]}}],"collection":[{"href":"https:\/\/curell.com\/en\/wp-json\/wp\/v2\/posts"}],"about":[{"href":"https:\/\/curell.com\/en\/wp-json\/wp\/v2\/types\/post"}],"author":[{"embeddable":true,"href":"https:\/\/curell.com\/en\/wp-json\/wp\/v2\/users\/3"}],"replies":[{"embeddable":true,"href":"https:\/\/curell.com\/en\/wp-json\/wp\/v2\/comments?post=78677"}],"version-history":[{"count":1,"href":"https:\/\/curell.com\/en\/wp-json\/wp\/v2\/posts\/78677\/revisions"}],"predecessor-version":[{"id":78678,"href":"https:\/\/curell.com\/en\/wp-json\/wp\/v2\/posts\/78677\/revisions\/78678"}],"wp:featuredmedia":[{"embeddable":true,"href":"https:\/\/curell.com\/en\/wp-json\/wp\/v2\/media\/78673"}],"wp:attachment":[{"href":"https:\/\/curell.com\/en\/wp-json\/wp\/v2\/media?parent=78677"}],"wp:term":[{"taxonomy":"category","embeddable":true,"href":"https:\/\/curell.com\/en\/wp-json\/wp\/v2\/categories?post=78677"},{"taxonomy":"post_tag","embeddable":true,"href":"https:\/\/curell.com\/en\/wp-json\/wp\/v2\/tags?post=78677"}],"curies":[{"name":"wp","href":"https:\/\/api.w.org\/{rel}","templated":true}]}}